{"id":2933,"date":"2026-04-30T14:04:32","date_gmt":"2026-04-30T14:04:32","guid":{"rendered":"https:\/\/valmoral.org\/site\/?p=2933"},"modified":"2026-04-30T15:35:55","modified_gmt":"2026-04-30T15:35:55","slug":"joaquin-saavedra","status":"publish","type":"post","link":"https:\/\/valmoral.org\/site\/2026\/04\/30\/joaquin-saavedra\/","title":{"rendered":"Joaqu\u00edn Saavedra"},"content":{"rendered":"\n<h2 class=\"wp-block-heading has-large-font-size\" id=\"personaje-valmoral-2024-b01852d2-847b-4a01-8d34-885252e70e43\">Personaje Valmoral 2025<\/h2>\n\n\n\n<h3 class=\"wp-block-heading has-medium-font-size\" id=\"valor-reconocido-pasionnbsp-0ceb74fa-b079-4d96-b6cc-0c81281070df\"><strong>Valor reconocido: TOLERANCIA<\/strong><\/h3>\n\n\n\n<p>La tolerancia es el arte de convivir en armon\u00eda, reconociendo que la diversidad de pensamiento y car\u00e1cter es lo que realmente enriquece a una sociedad. Lejos de ser una actitud pasiva, es la decisi\u00f3n activa de escuchar con empat\u00eda, respetar las diferencias y construir puentes donde otros ven barreras. En un mundo plural, la tolerancia es el cimiento de la paz y la colaboraci\u00f3n, permiti\u00e9ndonos transformar el desacuerdo en una oportunidad para aprender, innovar y fortalecer nuestros v\u00ednculos humanos.<\/p>\n\n\n\n<p><strong>Nota de Prensa<\/strong><\/p>\n\n\n\n<p>En su edici\u00f3n 2025, Valmoral distingue como \u00abPersonaje Valmoral\u00bb a <strong>Joaqu\u00edn Saavedra<\/strong>, un l\u00edder que ha hecho del respeto por la diferencia su mayor fortaleza. Joaqu\u00edn destaca por su capacidad innata de crear entornos donde todas las voces se escuchan y donde el di\u00e1logo constructivo prevalece sobre el conflicto, siendo un ejemplo constante de equilibrio y madurez emocional.<\/p>\n\n\n\n<p>Reconocer a Joaqu\u00edn Saavedra es celebrar esa apertura mental que nos invita a trabajar juntos a pesar de tener visiones distintas. Su estilo de vida nos demuestra que la verdadera grandeza no est\u00e1 en tener siempre la raz\u00f3n, sino en saber valorar la esencia del otro. Con su ejemplo, Joaqu\u00edn nos inspira a cultivar una cultura de paz y entendimiento que deja una huella profunda en la comunidad de Valmoral y en el entorno empresarial del pa\u00eds.<\/p>\n\n\n\n<div class=\"wp-block-buttons is-layout-flex wp-block-buttons-is-layout-flex\">\n<div class=\"wp-block-button\"><a class=\"wp-block-button__link has-background wp-element-button\" href=\"https:\/\/valmoral.org\/site\/wp-content\/uploads\/2026\/04\/JOAQUIN-SAAVEDRA-POSADAS-hoja-de-vida-candidato-2025.pdf\" style=\"border-radius:5px;background-color:#2182c5\" target=\"_blank\" rel=\"noreferrer noopener\">Descargar Hoja de Vida<\/a><\/div>\n<\/div>\n\n\n\n<hr class=\"wp-block-separator has-css-opacity\"\/>\n\n\n\n<div class=\"real3dflipbook\" id=\"20_69f476dc7a471\" style=\"position:absolute;\"><\/div>\n\n\n\n<hr class=\"wp-block-separator has-css-opacity\"\/>\n\n\n\n<figure class=\"wp-block-embed is-type-video is-provider-youtube wp-block-embed-youtube wp-embed-aspect-16-9 wp-has-aspect-ratio\"><div class=\"wp-block-embed__wrapper\">\n<iframe loading=\"lazy\" title=\"Joaqu\u00edn Saavedra: El arte de construir puentes con Tolerancia | Personaje Valmoral 2025\" width=\"1170\" height=\"658\" src=\"https:\/\/www.youtube.com\/embed\/kWIi7uptXHY?feature=oembed\" frameborder=\"0\" allow=\"accelerometer; autoplay; clipboard-write; encrypted-media; gyroscope; picture-in-picture; web-share\" referrerpolicy=\"strict-origin-when-cross-origin\" allowfullscreen><\/iframe>\n<\/div><\/figure>\n\n\n\n<hr class=\"wp-block-separator has-css-opacity\"\/>\n\n\n<div class=\"pgc-sgb-cb wp-block-pgcsimplygalleryblock-slider  advgb-dyn-2e0d72c0\" data-gallery-id=\"9c925c55_1606162026563\"style=&quot;min-height:260px&quot;><div class=\"sgb-preloader\" id=\"pr_9c925c55_1606162026563\">\n\t<div class=\"sgb-square\" style=\"background:#d4d4d4\"><\/div>\n\t<div class=\"sgb-square\" style=\"background:#d4d4d4\"><\/div>\n\t<div class=\"sgb-square\" style=\"background:#d4d4d4\"><\/div>\n\t<div class=\"sgb-square\" style=\"background:#d4d4d4\"><\/div><\/div><div class=\"simply-gallery-amp pgc_sgb_slider \"><noscript><div class=\"sgb-gallery\"><div class=\"sgb-item\"><a href=\"https:\/\/valmoral.org\/site\/homenaje2025-5\/\" target=\"_blank\"><img decoding=\"async\" alt=\"\" width=\"300\" height=\"200\" loading=\"lazy\" src=\"https:\/\/valmoral.org\/site\/wp-content\/uploads\/2026\/04\/HOMENAJE2025-5-300x200.jpg\" srcset=\"https:\/\/valmoral.org\/site\/wp-content\/uploads\/2026\/04\/HOMENAJE2025-5-300x200.jpg 300w,https:\/\/valmoral.org\/site\/wp-content\/uploads\/2026\/04\/HOMENAJE2025-5-1024x683.jpg 1024w,https:\/\/valmoral.org\/site\/wp-content\/uploads\/2026\/04\/HOMENAJE2025-5-scaled.jpg 2560w\" sizes=\"auto, 250px\"\/><\/a><\/div><div class=\"sgb-item\"><a href=\"https:\/\/valmoral.org\/site\/homenaje2025-7\/\" target=\"_blank\"><img decoding=\"async\" alt=\"\" width=\"300\" height=\"200\" loading=\"lazy\" src=\"https:\/\/valmoral.org\/site\/wp-content\/uploads\/2026\/04\/HOMENAJE2025-7-300x200.jpg\" srcset=\"https:\/\/valmoral.org\/site\/wp-content\/uploads\/2026\/04\/HOMENAJE2025-7-300x200.jpg 300w,https:\/\/valmoral.org\/site\/wp-content\/uploads\/2026\/04\/HOMENAJE2025-7-1024x683.jpg 1024w,https:\/\/valmoral.org\/site\/wp-content\/uploads\/2026\/04\/HOMENAJE2025-7-scaled.jpg 2560w\" sizes=\"auto, 250px\"\/><\/a><\/div><div class=\"sgb-item\"><a href=\"https:\/\/valmoral.org\/site\/homenaje2025-10\/\" target=\"_blank\"><img decoding=\"async\" alt=\"\" width=\"300\" height=\"200\" loading=\"lazy\" src=\"https:\/\/valmoral.org\/site\/wp-content\/uploads\/2026\/04\/HOMENAJE2025-10-300x200.jpg\" srcset=\"https:\/\/valmoral.org\/site\/wp-content\/uploads\/2026\/04\/HOMENAJE2025-10-300x200.jpg 300w,https:\/\/valmoral.org\/site\/wp-content\/uploads\/2026\/04\/HOMENAJE2025-10-1024x683.jpg 1024w,https:\/\/valmoral.org\/site\/wp-content\/uploads\/2026\/04\/HOMENAJE2025-10-scaled.jpg 2560w\" sizes=\"auto, 250px\"\/><\/a><\/div><div class=\"sgb-item\"><a href=\"https:\/\/valmoral.org\/site\/homenaje2025-18\/\" target=\"_blank\"><img decoding=\"async\" alt=\"\" width=\"300\" height=\"200\" loading=\"lazy\" src=\"https:\/\/valmoral.org\/site\/wp-content\/uploads\/2026\/04\/HOMENAJE2025-18-300x200.jpg\" srcset=\"https:\/\/valmoral.org\/site\/wp-content\/uploads\/2026\/04\/HOMENAJE2025-18-300x200.jpg 300w,https:\/\/valmoral.org\/site\/wp-content\/uploads\/2026\/04\/HOMENAJE2025-18-1024x683.jpg 1024w,https:\/\/valmoral.org\/site\/wp-content\/uploads\/2026\/04\/HOMENAJE2025-18-scaled.jpg 2560w\" sizes=\"auto, 250px\"\/><\/a><\/div><div class=\"sgb-item\"><a href=\"https:\/\/valmoral.org\/site\/homenaje2025-22\/\" target=\"_blank\"><img decoding=\"async\" alt=\"\" width=\"300\" height=\"200\" loading=\"lazy\" src=\"https:\/\/valmoral.org\/site\/wp-content\/uploads\/2026\/04\/HOMENAJE2025-22-300x200.jpg\" srcset=\"https:\/\/valmoral.org\/site\/wp-content\/uploads\/2026\/04\/HOMENAJE2025-22-300x200.jpg 300w,https:\/\/valmoral.org\/site\/wp-content\/uploads\/2026\/04\/HOMENAJE2025-22-1024x683.jpg 1024w,https:\/\/valmoral.org\/site\/wp-content\/uploads\/2026\/04\/HOMENAJE2025-22-scaled.jpg 2560w\" sizes=\"auto, 250px\"\/><\/a><\/div><div class=\"sgb-item\"><a href=\"https:\/\/valmoral.org\/site\/homenaje2025-26\/\" target=\"_blank\"><img decoding=\"async\" alt=\"\" width=\"300\" height=\"200\" loading=\"lazy\" src=\"https:\/\/valmoral.org\/site\/wp-content\/uploads\/2026\/04\/HOMENAJE2025-26-300x200.jpg\" srcset=\"https:\/\/valmoral.org\/site\/wp-content\/uploads\/2026\/04\/HOMENAJE2025-26-300x200.jpg 300w,https:\/\/valmoral.org\/site\/wp-content\/uploads\/2026\/04\/HOMENAJE2025-26-1024x683.jpg 1024w,https:\/\/valmoral.org\/site\/wp-content\/uploads\/2026\/04\/HOMENAJE2025-26-scaled.jpg 2560w\" sizes=\"auto, 250px\"\/><\/a><\/div><div class=\"sgb-item\"><a href=\"https:\/\/valmoral.org\/site\/homenaje2025-28\/\" target=\"_blank\"><img decoding=\"async\" alt=\"\" width=\"300\" height=\"200\" loading=\"lazy\" src=\"https:\/\/valmoral.org\/site\/wp-content\/uploads\/2026\/04\/HOMENAJE2025-28-300x200.jpg\" srcset=\"https:\/\/valmoral.org\/site\/wp-content\/uploads\/2026\/04\/HOMENAJE2025-28-300x200.jpg 300w,https:\/\/valmoral.org\/site\/wp-content\/uploads\/2026\/04\/HOMENAJE2025-28-1024x683.jpg 1024w,https:\/\/valmoral.org\/site\/wp-content\/uploads\/2026\/04\/HOMENAJE2025-28-scaled.jpg 2560w\" sizes=\"auto, 250px\"\/><\/a><\/div><div class=\"sgb-item\"><a href=\"https:\/\/valmoral.org\/site\/homenaje2025-37\/\" target=\"_blank\"><img decoding=\"async\" alt=\"\" width=\"300\" height=\"200\" loading=\"lazy\" src=\"https:\/\/valmoral.org\/site\/wp-content\/uploads\/2026\/04\/HOMENAJE2025-37-300x200.jpg\" srcset=\"https:\/\/valmoral.org\/site\/wp-content\/uploads\/2026\/04\/HOMENAJE2025-37-300x200.jpg 300w,https:\/\/valmoral.org\/site\/wp-content\/uploads\/2026\/04\/HOMENAJE2025-37-1024x683.jpg 1024w,https:\/\/valmoral.org\/site\/wp-content\/uploads\/2026\/04\/HOMENAJE2025-37-scaled.jpg 2560w\" sizes=\"auto, 250px\"\/><\/a><\/div><div class=\"sgb-item\"><a href=\"https:\/\/valmoral.org\/site\/homenaje2025-47\/\" target=\"_blank\"><img decoding=\"async\" alt=\"\" width=\"300\" height=\"200\" loading=\"lazy\" src=\"https:\/\/valmoral.org\/site\/wp-content\/uploads\/2026\/04\/HOMENAJE2025-47-300x200.jpg\" srcset=\"https:\/\/valmoral.org\/site\/wp-content\/uploads\/2026\/04\/HOMENAJE2025-47-300x200.jpg 300w,https:\/\/valmoral.org\/site\/wp-content\/uploads\/2026\/04\/HOMENAJE2025-47-1024x683.jpg 1024w,https:\/\/valmoral.org\/site\/wp-content\/uploads\/2026\/04\/HOMENAJE2025-47-scaled.jpg 2560w\" sizes=\"auto, 250px\"\/><\/a><\/div><div class=\"sgb-item\"><a href=\"https:\/\/valmoral.org\/site\/homenaje2025-49\/\" target=\"_blank\"><img decoding=\"async\" alt=\"\" width=\"300\" height=\"200\" loading=\"lazy\" src=\"https:\/\/valmoral.org\/site\/wp-content\/uploads\/2026\/04\/HOMENAJE2025-49-300x200.jpg\" srcset=\"https:\/\/valmoral.org\/site\/wp-content\/uploads\/2026\/04\/HOMENAJE2025-49-300x200.jpg 300w,https:\/\/valmoral.org\/site\/wp-content\/uploads\/2026\/04\/HOMENAJE2025-49-1024x683.jpg 1024w,https:\/\/valmoral.org\/site\/wp-content\/uploads\/2026\/04\/HOMENAJE2025-49-scaled.jpg 2560w\" sizes=\"auto, 250px\"\/><\/a><\/div><div class=\"sgb-item\"><a href=\"https:\/\/valmoral.org\/site\/homenaje2025-55\/\" target=\"_blank\"><img decoding=\"async\" alt=\"\" width=\"300\" height=\"200\" loading=\"lazy\" src=\"https:\/\/valmoral.org\/site\/wp-content\/uploads\/2026\/04\/HOMENAJE2025-55-300x200.jpg\" srcset=\"https:\/\/valmoral.org\/site\/wp-content\/uploads\/2026\/04\/HOMENAJE2025-55-300x200.jpg 300w,https:\/\/valmoral.org\/site\/wp-content\/uploads\/2026\/04\/HOMENAJE2025-55-1024x683.jpg 1024w,https:\/\/valmoral.org\/site\/wp-content\/uploads\/2026\/04\/HOMENAJE2025-55-scaled.jpg 2560w\" sizes=\"auto, 250px\"\/><\/a><\/div><div class=\"sgb-item\"><a href=\"https:\/\/valmoral.org\/site\/homenaje2025-92\/\" target=\"_blank\"><img decoding=\"async\" alt=\"\" width=\"300\" height=\"200\" loading=\"lazy\" src=\"https:\/\/valmoral.org\/site\/wp-content\/uploads\/2026\/04\/HOMENAJE2025-92-300x200.jpg\" srcset=\"https:\/\/valmoral.org\/site\/wp-content\/uploads\/2026\/04\/HOMENAJE2025-92-300x200.jpg 300w,https:\/\/valmoral.org\/site\/wp-content\/uploads\/2026\/04\/HOMENAJE2025-92-1024x683.jpg 1024w,https:\/\/valmoral.org\/site\/wp-content\/uploads\/2026\/04\/HOMENAJE2025-92-scaled.jpg 2560w\" sizes=\"auto, 250px\"\/><\/a><\/div><div class=\"sgb-item\"><a href=\"https:\/\/valmoral.org\/site\/homenaje2025-90\/\" target=\"_blank\"><img decoding=\"async\" alt=\"\" width=\"300\" height=\"200\" loading=\"lazy\" src=\"https:\/\/valmoral.org\/site\/wp-content\/uploads\/2026\/04\/HOMENAJE2025-90-300x200.jpg\" srcset=\"https:\/\/valmoral.org\/site\/wp-content\/uploads\/2026\/04\/HOMENAJE2025-90-300x200.jpg 300w,https:\/\/valmoral.org\/site\/wp-content\/uploads\/2026\/04\/HOMENAJE2025-90-1024x683.jpg 1024w,https:\/\/valmoral.org\/site\/wp-content\/uploads\/2026\/04\/HOMENAJE2025-90-scaled.jpg 2560w\" sizes=\"auto, 250px\"\/><\/a><\/div><div class=\"sgb-item\"><a href=\"https:\/\/valmoral.org\/site\/homenaje2025-89\/\" target=\"_blank\"><img decoding=\"async\" alt=\"\" width=\"300\" height=\"200\" loading=\"lazy\" src=\"https:\/\/valmoral.org\/site\/wp-content\/uploads\/2026\/04\/HOMENAJE2025-89-300x200.jpg\" srcset=\"https:\/\/valmoral.org\/site\/wp-content\/uploads\/2026\/04\/HOMENAJE2025-89-300x200.jpg 300w,https:\/\/valmoral.org\/site\/wp-content\/uploads\/2026\/04\/HOMENAJE2025-89-1024x683.jpg 1024w,https:\/\/valmoral.org\/site\/wp-content\/uploads\/2026\/04\/HOMENAJE2025-89-scaled.jpg 2560w\" sizes=\"auto, 250px\"\/><\/a><\/div><div class=\"sgb-item\"><a href=\"https:\/\/valmoral.org\/site\/homenaje2025-83\/\" target=\"_blank\"><img decoding=\"async\" alt=\"\" width=\"300\" height=\"200\" loading=\"lazy\" src=\"https:\/\/valmoral.org\/site\/wp-content\/uploads\/2026\/04\/HOMENAJE2025-83-300x200.jpg\" srcset=\"https:\/\/valmoral.org\/site\/wp-content\/uploads\/2026\/04\/HOMENAJE2025-83-300x200.jpg 300w,https:\/\/valmoral.org\/site\/wp-content\/uploads\/2026\/04\/HOMENAJE2025-83-1024x683.jpg 1024w,https:\/\/valmoral.org\/site\/wp-content\/uploads\/2026\/04\/HOMENAJE2025-83-scaled.jpg 2560w\" sizes=\"auto, 250px\"\/><\/a><\/div><div class=\"sgb-item\"><a href=\"https:\/\/valmoral.org\/site\/homenaje2025-81\/\" target=\"_blank\"><img decoding=\"async\" alt=\"\" width=\"300\" height=\"200\" loading=\"lazy\" src=\"https:\/\/valmoral.org\/site\/wp-content\/uploads\/2026\/04\/HOMENAJE2025-81-300x200.jpg\" srcset=\"https:\/\/valmoral.org\/site\/wp-content\/uploads\/2026\/04\/HOMENAJE2025-81-300x200.jpg 300w,https:\/\/valmoral.org\/site\/wp-content\/uploads\/2026\/04\/HOMENAJE2025-81-1024x683.jpg 1024w,https:\/\/valmoral.org\/site\/wp-content\/uploads\/2026\/04\/HOMENAJE2025-81-scaled.jpg 2560w\" sizes=\"auto, 250px\"\/><\/a><\/div><div class=\"sgb-item\"><a href=\"https:\/\/valmoral.org\/site\/homenaje2025-79\/\" target=\"_blank\"><img decoding=\"async\" alt=\"\" width=\"300\" height=\"200\" loading=\"lazy\" src=\"https:\/\/valmoral.org\/site\/wp-content\/uploads\/2026\/04\/HOMENAJE2025-79-300x200.jpg\" srcset=\"https:\/\/valmoral.org\/site\/wp-content\/uploads\/2026\/04\/HOMENAJE2025-79-300x200.jpg 300w,https:\/\/valmoral.org\/site\/wp-content\/uploads\/2026\/04\/HOMENAJE2025-79-1024x683.jpg 1024w,https:\/\/valmoral.org\/site\/wp-content\/uploads\/2026\/04\/HOMENAJE2025-79-scaled.jpg 2560w\" sizes=\"auto, 250px\"\/><\/a><\/div><div class=\"sgb-item\"><a href=\"https:\/\/valmoral.org\/site\/homenaje2025-103\/\" target=\"_blank\"><img decoding=\"async\" alt=\"\" width=\"300\" height=\"200\" loading=\"lazy\" src=\"https:\/\/valmoral.org\/site\/wp-content\/uploads\/2026\/04\/HOMENAJE2025-103-300x200.jpg\" srcset=\"https:\/\/valmoral.org\/site\/wp-content\/uploads\/2026\/04\/HOMENAJE2025-103-300x200.jpg 300w,https:\/\/valmoral.org\/site\/wp-content\/uploads\/2026\/04\/HOMENAJE2025-103-1024x683.jpg 1024w,https:\/\/valmoral.org\/site\/wp-content\/uploads\/2026\/04\/HOMENAJE2025-103-scaled.jpg 2560w\" sizes=\"auto, 250px\"\/><\/a><\/div><div class=\"sgb-item\"><a href=\"https:\/\/valmoral.org\/site\/homenaje2025-106\/\" target=\"_blank\"><img decoding=\"async\" alt=\"\" width=\"300\" height=\"200\" loading=\"lazy\" src=\"https:\/\/valmoral.org\/site\/wp-content\/uploads\/2026\/04\/HOMENAJE2025-106-300x200.jpg\" srcset=\"https:\/\/valmoral.org\/site\/wp-content\/uploads\/2026\/04\/HOMENAJE2025-106-300x200.jpg 300w,https:\/\/valmoral.org\/site\/wp-content\/uploads\/2026\/04\/HOMENAJE2025-106-1024x683.jpg 1024w,https:\/\/valmoral.org\/site\/wp-content\/uploads\/2026\/04\/HOMENAJE2025-106-scaled.jpg 2560w\" sizes=\"auto, 250px\"\/><\/a><\/div><div class=\"sgb-item\"><a href=\"https:\/\/valmoral.org\/site\/homenaje2025-116\/\" target=\"_blank\"><img decoding=\"async\" alt=\"\" width=\"300\" height=\"200\" loading=\"lazy\" src=\"https:\/\/valmoral.org\/site\/wp-content\/uploads\/2026\/04\/HOMENAJE2025-116-300x200.jpg\" srcset=\"https:\/\/valmoral.org\/site\/wp-content\/uploads\/2026\/04\/HOMENAJE2025-116-300x200.jpg 300w,https:\/\/valmoral.org\/site\/wp-content\/uploads\/2026\/04\/HOMENAJE2025-116-1024x683.jpg 1024w,https:\/\/valmoral.org\/site\/wp-content\/uploads\/2026\/04\/HOMENAJE2025-116-scaled.jpg 2560w\" sizes=\"auto, 250px\"\/><\/a><\/div><div class=\"sgb-item\"><a href=\"https:\/\/valmoral.org\/site\/homenaje2025-118\/\" target=\"_blank\"><img decoding=\"async\" alt=\"\" width=\"300\" height=\"200\" loading=\"lazy\" src=\"https:\/\/valmoral.org\/site\/wp-content\/uploads\/2026\/04\/HOMENAJE2025-118-300x200.jpg\" srcset=\"https:\/\/valmoral.org\/site\/wp-content\/uploads\/2026\/04\/HOMENAJE2025-118-300x200.jpg 300w,https:\/\/valmoral.org\/site\/wp-content\/uploads\/2026\/04\/HOMENAJE2025-118-1024x683.jpg 1024w,https:\/\/valmoral.org\/site\/wp-content\/uploads\/2026\/04\/HOMENAJE2025-118-scaled.jpg 2560w\" sizes=\"auto, 250px\"\/><\/a><\/div><div class=\"sgb-item\"><a href=\"https:\/\/valmoral.org\/site\/homenaje2025-135\/\" target=\"_blank\"><img decoding=\"async\" alt=\"\" width=\"300\" height=\"200\" loading=\"lazy\" src=\"https:\/\/valmoral.org\/site\/wp-content\/uploads\/2026\/04\/HOMENAJE2025-135-300x200.jpg\" srcset=\"https:\/\/valmoral.org\/site\/wp-content\/uploads\/2026\/04\/HOMENAJE2025-135-300x200.jpg 300w,https:\/\/valmoral.org\/site\/wp-content\/uploads\/2026\/04\/HOMENAJE2025-135-1024x683.jpg 1024w,https:\/\/valmoral.org\/site\/wp-content\/uploads\/2026\/04\/HOMENAJE2025-135-scaled.jpg 2560w\" sizes=\"auto, 250px\"\/><\/a><\/div><div class=\"sgb-item\"><a href=\"https:\/\/valmoral.org\/site\/homenaje2025-137\/\" target=\"_blank\"><img decoding=\"async\" alt=\"\" width=\"300\" height=\"200\" loading=\"lazy\" src=\"https:\/\/valmoral.org\/site\/wp-content\/uploads\/2026\/04\/HOMENAJE2025-137-300x200.jpg\" srcset=\"https:\/\/valmoral.org\/site\/wp-content\/uploads\/2026\/04\/HOMENAJE2025-137-300x200.jpg 300w,https:\/\/valmoral.org\/site\/wp-content\/uploads\/2026\/04\/HOMENAJE2025-137-1024x683.jpg 1024w,https:\/\/valmoral.org\/site\/wp-content\/uploads\/2026\/04\/HOMENAJE2025-137-scaled.jpg 2560w\" sizes=\"auto, 250px\"\/><\/a><\/div><div class=\"sgb-item\"><a href=\"https:\/\/valmoral.org\/site\/homenaje2025-99\/\" target=\"_blank\"><img decoding=\"async\" alt=\"\" width=\"300\" height=\"200\" loading=\"lazy\" src=\"https:\/\/valmoral.org\/site\/wp-content\/uploads\/2026\/04\/HOMENAJE2025-99-300x200.jpg\" srcset=\"https:\/\/valmoral.org\/site\/wp-content\/uploads\/2026\/04\/HOMENAJE2025-99-300x200.jpg 300w,https:\/\/valmoral.org\/site\/wp-content\/uploads\/2026\/04\/HOMENAJE2025-99-1024x683.jpg 1024w,https:\/\/valmoral.org\/site\/wp-content\/uploads\/2026\/04\/HOMENAJE2025-99-scaled.jpg 2560w\" sizes=\"auto, 250px\"\/><\/a><\/div><div class=\"sgb-item\"><a href=\"https:\/\/valmoral.org\/site\/homenaje2025-95\/\" target=\"_blank\"><img decoding=\"async\" alt=\"\" width=\"200\" height=\"300\" loading=\"lazy\" src=\"https:\/\/valmoral.org\/site\/wp-content\/uploads\/2026\/04\/HOMENAJE2025-95-200x300.jpg\" srcset=\"https:\/\/valmoral.org\/site\/wp-content\/uploads\/2026\/04\/HOMENAJE2025-95-200x300.jpg 200w,https:\/\/valmoral.org\/site\/wp-content\/uploads\/2026\/04\/HOMENAJE2025-95-683x1024.jpg 683w,https:\/\/valmoral.org\/site\/wp-content\/uploads\/2026\/04\/HOMENAJE2025-95-scaled.jpg 1707w\" sizes=\"auto, 250px\"\/><\/a><\/div><div class=\"sgb-item\"><a href=\"https:\/\/valmoral.org\/site\/homenaje2025-111\/\" target=\"_blank\"><img decoding=\"async\" alt=\"\" width=\"300\" height=\"200\" loading=\"lazy\" src=\"https:\/\/valmoral.org\/site\/wp-content\/uploads\/2026\/04\/HOMENAJE2025-111-300x200.jpg\" srcset=\"https:\/\/valmoral.org\/site\/wp-content\/uploads\/2026\/04\/HOMENAJE2025-111-300x200.jpg 300w,https:\/\/valmoral.org\/site\/wp-content\/uploads\/2026\/04\/HOMENAJE2025-111-1024x683.jpg 1024w,https:\/\/valmoral.org\/site\/wp-content\/uploads\/2026\/04\/HOMENAJE2025-111-scaled.jpg 2560w\" sizes=\"auto, 250px\"\/><\/a><\/div><div class=\"sgb-item\"><a href=\"https:\/\/valmoral.org\/site\/homenaje2025-109\/\" target=\"_blank\"><img decoding=\"async\" alt=\"\" width=\"300\" height=\"200\" loading=\"lazy\" src=\"https:\/\/valmoral.org\/site\/wp-content\/uploads\/2026\/04\/HOMENAJE2025-109-300x200.jpg\" srcset=\"https:\/\/valmoral.org\/site\/wp-content\/uploads\/2026\/04\/HOMENAJE2025-109-300x200.jpg 300w,https:\/\/valmoral.org\/site\/wp-content\/uploads\/2026\/04\/HOMENAJE2025-109-1024x683.jpg 1024w,https:\/\/valmoral.org\/site\/wp-content\/uploads\/2026\/04\/HOMENAJE2025-109-scaled.jpg 2560w\" sizes=\"auto, 250px\"\/><\/a><\/div><div class=\"sgb-item\"><a href=\"https:\/\/valmoral.org\/site\/homenaje2025-113\/\" target=\"_blank\"><img decoding=\"async\" alt=\"\" width=\"300\" height=\"200\" loading=\"lazy\" src=\"https:\/\/valmoral.org\/site\/wp-content\/uploads\/2026\/04\/HOMENAJE2025-113-300x200.jpg\" srcset=\"https:\/\/valmoral.org\/site\/wp-content\/uploads\/2026\/04\/HOMENAJE2025-113-300x200.jpg 300w,https:\/\/valmoral.org\/site\/wp-content\/uploads\/2026\/04\/HOMENAJE2025-113-1024x683.jpg 1024w,https:\/\/valmoral.org\/site\/wp-content\/uploads\/2026\/04\/HOMENAJE2025-113-scaled.jpg 2560w\" sizes=\"auto, 250px\"\/><\/a><\/div><\/div><\/noscript><\/div><script type=\"application\/json\" class=\"sgb-data\">{\"externalLink\":false,\"captions\":false,\"collectionThumbSubMenuDownload\":false,\"collectionThumbSubMenuShare\":false,\"sliderMaxHeight\":260,\"sliderAdminWidth\":840,\"responsiveHeight\":true,\"sliderAnimation\":\"fade\",\"sliderThumbsNavi\":false,\"sliderDotNavi\":true,\"autoPlay\":true,\"galleryType\":\"pgc_sgb_slider\",\"galleryId\":\"9c925c55_1606162026563\",\"images\":[{\"id\":2940,\"title\":\"HOMENAJE2025-5\",\"url\":\"https:\/\/valmoral.org\/site\/wp-content\/uploads\/2026\/04\/HOMENAJE2025-5-scaled.jpg\",\"link\":\"https:\/\/valmoral.org\/site\/homenaje2025-5\/\",\"alt\":\"\",\"description\":\"\",\"caption\":\"\",\"mime\":\"image\/jpeg\",\"type\":\"image\",\"width\":2560,\"height\":1707,\"sizes\":{\"thumbnail\":{\"height\":150,\"width\":150,\"url\":\"https:\/\/valmoral.org\/site\/wp-content\/uploads\/2026\/04\/HOMENAJE2025-5-150x150.jpg\",\"orientation\":\"landscape\"},\"medium\":{\"height\":200,\"width\":300,\"url\":\"https:\/\/valmoral.org\/site\/wp-content\/uploads\/2026\/04\/HOMENAJE2025-5-300x200.jpg\",\"orientation\":\"landscape\"},\"large\":{\"height\":683,\"width\":1024,\"url\":\"https:\/\/valmoral.org\/site\/wp-content\/uploads\/2026\/04\/HOMENAJE2025-5-1024x683.jpg\",\"orientation\":\"landscape\"},\"full\":{\"url\":\"https:\/\/valmoral.org\/site\/wp-content\/uploads\/2026\/04\/HOMENAJE2025-5-scaled.jpg\",\"height\":1707,\"width\":2560,\"orientation\":\"landscape\"}},\"imageMeta\":{\"aperture\":\"2.8\",\"credit\":\"\",\"camera\":\"ILCE-6400\",\"caption\":\"\",\"created_timestamp\":\"1747959671\",\"copyright\":\"\",\"focal_length\":\"20\",\"iso\":\"400\",\"shutter_speed\":\"0.008\",\"title\":\"\",\"orientation\":\"1\",\"keywords\":[]},\"meta\":false,\"postlink\":\"https:\/\/valmoral.org\/site\/homenaje2025-5\/\"},{\"id\":2941,\"title\":\"HOMENAJE2025-7\",\"url\":\"https:\/\/valmoral.org\/site\/wp-content\/uploads\/2026\/04\/HOMENAJE2025-7-scaled.jpg\",\"link\":\"https:\/\/valmoral.org\/site\/homenaje2025-7\/\",\"alt\":\"\",\"description\":\"\",\"caption\":\"\",\"mime\":\"image\/jpeg\",\"type\":\"image\",\"width\":2560,\"height\":1707,\"sizes\":{\"thumbnail\":{\"height\":150,\"width\":150,\"url\":\"https:\/\/valmoral.org\/site\/wp-content\/uploads\/2026\/04\/HOMENAJE2025-7-150x150.jpg\",\"orientation\":\"landscape\"},\"medium\":{\"height\":200,\"width\":300,\"url\":\"https:\/\/valmoral.org\/site\/wp-content\/uploads\/2026\/04\/HOMENAJE2025-7-300x200.jpg\",\"orientation\":\"landscape\"},\"large\":{\"height\":683,\"width\":1024,\"url\":\"https:\/\/valmoral.org\/site\/wp-content\/uploads\/2026\/04\/HOMENAJE2025-7-1024x683.jpg\",\"orientation\":\"landscape\"},\"full\":{\"url\":\"https:\/\/valmoral.org\/site\/wp-content\/uploads\/2026\/04\/HOMENAJE2025-7-scaled.jpg\",\"height\":1707,\"width\":2560,\"orientation\":\"landscape\"}},\"imageMeta\":{\"aperture\":\"2.8\",\"credit\":\"\",\"camera\":\"ILCE-6400\",\"caption\":\"\",\"created_timestamp\":\"1747959774\",\"copyright\":\"\",\"focal_length\":\"20\",\"iso\":\"400\",\"shutter_speed\":\"0.008\",\"title\":\"\",\"orientation\":\"1\",\"keywords\":[]},\"meta\":false,\"postlink\":\"https:\/\/valmoral.org\/site\/homenaje2025-7\/\"},{\"id\":2942,\"title\":\"HOMENAJE2025-10\",\"url\":\"https:\/\/valmoral.org\/site\/wp-content\/uploads\/2026\/04\/HOMENAJE2025-10-scaled.jpg\",\"link\":\"https:\/\/valmoral.org\/site\/homenaje2025-10\/\",\"alt\":\"\",\"description\":\"\",\"caption\":\"\",\"mime\":\"image\/jpeg\",\"type\":\"image\",\"width\":2560,\"height\":1707,\"sizes\":{\"thumbnail\":{\"height\":150,\"width\":150,\"url\":\"https:\/\/valmoral.org\/site\/wp-content\/uploads\/2026\/04\/HOMENAJE2025-10-150x150.jpg\",\"orientation\":\"landscape\"},\"medium\":{\"height\":200,\"width\":300,\"url\":\"https:\/\/valmoral.org\/site\/wp-content\/uploads\/2026\/04\/HOMENAJE2025-10-300x200.jpg\",\"orientation\":\"landscape\"},\"large\":{\"height\":683,\"width\":1024,\"url\":\"https:\/\/valmoral.org\/site\/wp-content\/uploads\/2026\/04\/HOMENAJE2025-10-1024x683.jpg\",\"orientation\":\"landscape\"},\"full\":{\"url\":\"https:\/\/valmoral.org\/site\/wp-content\/uploads\/2026\/04\/HOMENAJE2025-10-scaled.jpg\",\"height\":1707,\"width\":2560,\"orientation\":\"landscape\"}},\"imageMeta\":{\"aperture\":\"2.8\",\"credit\":\"\",\"camera\":\"ILCE-6400\",\"caption\":\"\",\"created_timestamp\":\"1747960101\",\"copyright\":\"\",\"focal_length\":\"20\",\"iso\":\"400\",\"shutter_speed\":\"0.008\",\"title\":\"\",\"orientation\":\"1\",\"keywords\":[]},\"meta\":false,\"postlink\":\"https:\/\/valmoral.org\/site\/homenaje2025-10\/\"},{\"id\":2943,\"title\":\"HOMENAJE2025-18\",\"url\":\"https:\/\/valmoral.org\/site\/wp-content\/uploads\/2026\/04\/HOMENAJE2025-18-scaled.jpg\",\"link\":\"https:\/\/valmoral.org\/site\/homenaje2025-18\/\",\"alt\":\"\",\"description\":\"\",\"caption\":\"\",\"mime\":\"image\/jpeg\",\"type\":\"image\",\"width\":2560,\"height\":1707,\"sizes\":{\"thumbnail\":{\"height\":150,\"width\":150,\"url\":\"https:\/\/valmoral.org\/site\/wp-content\/uploads\/2026\/04\/HOMENAJE2025-18-150x150.jpg\",\"orientation\":\"landscape\"},\"medium\":{\"height\":200,\"width\":300,\"url\":\"https:\/\/valmoral.org\/site\/wp-content\/uploads\/2026\/04\/HOMENAJE2025-18-300x200.jpg\",\"orientation\":\"landscape\"},\"large\":{\"height\":683,\"width\":1024,\"url\":\"https:\/\/valmoral.org\/site\/wp-content\/uploads\/2026\/04\/HOMENAJE2025-18-1024x683.jpg\",\"orientation\":\"landscape\"},\"full\":{\"url\":\"https:\/\/valmoral.org\/site\/wp-content\/uploads\/2026\/04\/HOMENAJE2025-18-scaled.jpg\",\"height\":1707,\"width\":2560,\"orientation\":\"landscape\"}},\"imageMeta\":{\"aperture\":\"2.8\",\"credit\":\"\",\"camera\":\"ILCE-6400\",\"caption\":\"\",\"created_timestamp\":\"1747960897\",\"copyright\":\"\",\"focal_length\":\"20\",\"iso\":\"400\",\"shutter_speed\":\"0.0125\",\"title\":\"\",\"orientation\":\"1\",\"keywords\":[]},\"meta\":false,\"postlink\":\"https:\/\/valmoral.org\/site\/homenaje2025-18\/\"},{\"id\":2944,\"title\":\"HOMENAJE2025-22\",\"url\":\"https:\/\/valmoral.org\/site\/wp-content\/uploads\/2026\/04\/HOMENAJE2025-22-scaled.jpg\",\"link\":\"https:\/\/valmoral.org\/site\/homenaje2025-22\/\",\"alt\":\"\",\"description\":\"\",\"caption\":\"\",\"mime\":\"image\/jpeg\",\"type\":\"image\",\"width\":2560,\"height\":1707,\"sizes\":{\"thumbnail\":{\"height\":150,\"width\":150,\"url\":\"https:\/\/valmoral.org\/site\/wp-content\/uploads\/2026\/04\/HOMENAJE2025-22-150x150.jpg\",\"orientation\":\"landscape\"},\"medium\":{\"height\":200,\"width\":300,\"url\":\"https:\/\/valmoral.org\/site\/wp-content\/uploads\/2026\/04\/HOMENAJE2025-22-300x200.jpg\",\"orientation\":\"landscape\"},\"large\":{\"height\":683,\"width\":1024,\"url\":\"https:\/\/valmoral.org\/site\/wp-content\/uploads\/2026\/04\/HOMENAJE2025-22-1024x683.jpg\",\"orientation\":\"landscape\"},\"full\":{\"url\":\"https:\/\/valmoral.org\/site\/wp-content\/uploads\/2026\/04\/HOMENAJE2025-22-scaled.jpg\",\"height\":1707,\"width\":2560,\"orientation\":\"landscape\"}},\"imageMeta\":{\"aperture\":\"2.8\",\"credit\":\"\",\"camera\":\"ILCE-6400\",\"caption\":\"\",\"created_timestamp\":\"1747961071\",\"copyright\":\"\",\"focal_length\":\"20\",\"iso\":\"400\",\"shutter_speed\":\"0.0125\",\"title\":\"\",\"orientation\":\"1\",\"keywords\":[]},\"meta\":false,\"postlink\":\"https:\/\/valmoral.org\/site\/homenaje2025-22\/\"},{\"id\":2945,\"title\":\"HOMENAJE2025-26\",\"url\":\"https:\/\/valmoral.org\/site\/wp-content\/uploads\/2026\/04\/HOMENAJE2025-26-scaled.jpg\",\"link\":\"https:\/\/valmoral.org\/site\/homenaje2025-26\/\",\"alt\":\"\",\"description\":\"\",\"caption\":\"\",\"mime\":\"image\/jpeg\",\"type\":\"image\",\"width\":2560,\"height\":1707,\"sizes\":{\"thumbnail\":{\"height\":150,\"width\":150,\"url\":\"https:\/\/valmoral.org\/site\/wp-content\/uploads\/2026\/04\/HOMENAJE2025-26-150x150.jpg\",\"orientation\":\"landscape\"},\"medium\":{\"height\":200,\"width\":300,\"url\":\"https:\/\/valmoral.org\/site\/wp-content\/uploads\/2026\/04\/HOMENAJE2025-26-300x200.jpg\",\"orientation\":\"landscape\"},\"large\":{\"height\":683,\"width\":1024,\"url\":\"https:\/\/valmoral.org\/site\/wp-content\/uploads\/2026\/04\/HOMENAJE2025-26-1024x683.jpg\",\"orientation\":\"landscape\"},\"full\":{\"url\":\"https:\/\/valmoral.org\/site\/wp-content\/uploads\/2026\/04\/HOMENAJE2025-26-scaled.jpg\",\"height\":1707,\"width\":2560,\"orientation\":\"landscape\"}},\"imageMeta\":{\"aperture\":\"2.8\",\"credit\":\"\",\"camera\":\"ILCE-6400\",\"caption\":\"\",\"created_timestamp\":\"1747961281\",\"copyright\":\"\",\"focal_length\":\"20\",\"iso\":\"400\",\"shutter_speed\":\"0.0125\",\"title\":\"\",\"orientation\":\"1\",\"keywords\":[]},\"meta\":false,\"postlink\":\"https:\/\/valmoral.org\/site\/homenaje2025-26\/\"},{\"id\":2946,\"title\":\"HOMENAJE2025-28\",\"url\":\"https:\/\/valmoral.org\/site\/wp-content\/uploads\/2026\/04\/HOMENAJE2025-28-scaled.jpg\",\"link\":\"https:\/\/valmoral.org\/site\/homenaje2025-28\/\",\"alt\":\"\",\"description\":\"\",\"caption\":\"\",\"mime\":\"image\/jpeg\",\"type\":\"image\",\"width\":2560,\"height\":1707,\"sizes\":{\"thumbnail\":{\"height\":150,\"width\":150,\"url\":\"https:\/\/valmoral.org\/site\/wp-content\/uploads\/2026\/04\/HOMENAJE2025-28-150x150.jpg\",\"orientation\":\"landscape\"},\"medium\":{\"height\":200,\"width\":300,\"url\":\"https:\/\/valmoral.org\/site\/wp-content\/uploads\/2026\/04\/HOMENAJE2025-28-300x200.jpg\",\"orientation\":\"landscape\"},\"large\":{\"height\":683,\"width\":1024,\"url\":\"https:\/\/valmoral.org\/site\/wp-content\/uploads\/2026\/04\/HOMENAJE2025-28-1024x683.jpg\",\"orientation\":\"landscape\"},\"full\":{\"url\":\"https:\/\/valmoral.org\/site\/wp-content\/uploads\/2026\/04\/HOMENAJE2025-28-scaled.jpg\",\"height\":1707,\"width\":2560,\"orientation\":\"landscape\"}},\"imageMeta\":{\"aperture\":\"2.8\",\"credit\":\"\",\"camera\":\"ILCE-6400\",\"caption\":\"\",\"created_timestamp\":\"1747961439\",\"copyright\":\"\",\"focal_length\":\"20\",\"iso\":\"400\",\"shutter_speed\":\"0.0125\",\"title\":\"\",\"orientation\":\"1\",\"keywords\":[]},\"meta\":false,\"postlink\":\"https:\/\/valmoral.org\/site\/homenaje2025-28\/\"},{\"id\":2947,\"title\":\"HOMENAJE2025-37\",\"url\":\"https:\/\/valmoral.org\/site\/wp-content\/uploads\/2026\/04\/HOMENAJE2025-37-scaled.jpg\",\"link\":\"https:\/\/valmoral.org\/site\/homenaje2025-37\/\",\"alt\":\"\",\"description\":\"\",\"caption\":\"\",\"mime\":\"image\/jpeg\",\"type\":\"image\",\"width\":2560,\"height\":1707,\"sizes\":{\"thumbnail\":{\"height\":150,\"width\":150,\"url\":\"https:\/\/valmoral.org\/site\/wp-content\/uploads\/2026\/04\/HOMENAJE2025-37-150x150.jpg\",\"orientation\":\"landscape\"},\"medium\":{\"height\":200,\"width\":300,\"url\":\"https:\/\/valmoral.org\/site\/wp-content\/uploads\/2026\/04\/HOMENAJE2025-37-300x200.jpg\",\"orientation\":\"landscape\"},\"large\":{\"height\":683,\"width\":1024,\"url\":\"https:\/\/valmoral.org\/site\/wp-content\/uploads\/2026\/04\/HOMENAJE2025-37-1024x683.jpg\",\"orientation\":\"landscape\"},\"full\":{\"url\":\"https:\/\/valmoral.org\/site\/wp-content\/uploads\/2026\/04\/HOMENAJE2025-37-scaled.jpg\",\"height\":1707,\"width\":2560,\"orientation\":\"landscape\"}},\"imageMeta\":{\"aperture\":\"2.8\",\"credit\":\"\",\"camera\":\"ILCE-6400\",\"caption\":\"\",\"created_timestamp\":\"1747961916\",\"copyright\":\"\",\"focal_length\":\"20\",\"iso\":\"400\",\"shutter_speed\":\"0.00625\",\"title\":\"\",\"orientation\":\"1\",\"keywords\":[]},\"meta\":false,\"postlink\":\"https:\/\/valmoral.org\/site\/homenaje2025-37\/\"},{\"id\":2948,\"title\":\"HOMENAJE2025-47\",\"url\":\"https:\/\/valmoral.org\/site\/wp-content\/uploads\/2026\/04\/HOMENAJE2025-47-scaled.jpg\",\"link\":\"https:\/\/valmoral.org\/site\/homenaje2025-47\/\",\"alt\":\"\",\"description\":\"\",\"caption\":\"\",\"mime\":\"image\/jpeg\",\"type\":\"image\",\"width\":2560,\"height\":1707,\"sizes\":{\"thumbnail\":{\"height\":150,\"width\":150,\"url\":\"https:\/\/valmoral.org\/site\/wp-content\/uploads\/2026\/04\/HOMENAJE2025-47-150x150.jpg\",\"orientation\":\"landscape\"},\"medium\":{\"height\":200,\"width\":300,\"url\":\"https:\/\/valmoral.org\/site\/wp-content\/uploads\/2026\/04\/HOMENAJE2025-47-300x200.jpg\",\"orientation\":\"landscape\"},\"large\":{\"height\":683,\"width\":1024,\"url\":\"https:\/\/valmoral.org\/site\/wp-content\/uploads\/2026\/04\/HOMENAJE2025-47-1024x683.jpg\",\"orientation\":\"landscape\"},\"full\":{\"url\":\"https:\/\/valmoral.org\/site\/wp-content\/uploads\/2026\/04\/HOMENAJE2025-47-scaled.jpg\",\"height\":1707,\"width\":2560,\"orientation\":\"landscape\"}},\"imageMeta\":{\"aperture\":\"2.8\",\"credit\":\"\",\"camera\":\"ILCE-6400\",\"caption\":\"\",\"created_timestamp\":\"1747962298\",\"copyright\":\"\",\"focal_length\":\"20\",\"iso\":\"500\",\"shutter_speed\":\"0.00625\",\"title\":\"\",\"orientation\":\"1\",\"keywords\":[]},\"meta\":false,\"postlink\":\"https:\/\/valmoral.org\/site\/homenaje2025-47\/\"},{\"id\":2949,\"title\":\"HOMENAJE2025-49\",\"url\":\"https:\/\/valmoral.org\/site\/wp-content\/uploads\/2026\/04\/HOMENAJE2025-49-scaled.jpg\",\"link\":\"https:\/\/valmoral.org\/site\/homenaje2025-49\/\",\"alt\":\"\",\"description\":\"\",\"caption\":\"\",\"mime\":\"image\/jpeg\",\"type\":\"image\",\"width\":2560,\"height\":1707,\"sizes\":{\"thumbnail\":{\"height\":150,\"width\":150,\"url\":\"https:\/\/valmoral.org\/site\/wp-content\/uploads\/2026\/04\/HOMENAJE2025-49-150x150.jpg\",\"orientation\":\"landscape\"},\"medium\":{\"height\":200,\"width\":300,\"url\":\"https:\/\/valmoral.org\/site\/wp-content\/uploads\/2026\/04\/HOMENAJE2025-49-300x200.jpg\",\"orientation\":\"landscape\"},\"large\":{\"height\":683,\"width\":1024,\"url\":\"https:\/\/valmoral.org\/site\/wp-content\/uploads\/2026\/04\/HOMENAJE2025-49-1024x683.jpg\",\"orientation\":\"landscape\"},\"full\":{\"url\":\"https:\/\/valmoral.org\/site\/wp-content\/uploads\/2026\/04\/HOMENAJE2025-49-scaled.jpg\",\"height\":1707,\"width\":2560,\"orientation\":\"landscape\"}},\"imageMeta\":{\"aperture\":\"2.8\",\"credit\":\"\",\"camera\":\"ILCE-6400\",\"caption\":\"\",\"created_timestamp\":\"1747962376\",\"copyright\":\"\",\"focal_length\":\"20\",\"iso\":\"500\",\"shutter_speed\":\"0.00625\",\"title\":\"\",\"orientation\":\"1\",\"keywords\":[]},\"meta\":false,\"postlink\":\"https:\/\/valmoral.org\/site\/homenaje2025-49\/\"},{\"id\":2950,\"title\":\"HOMENAJE2025-55\",\"url\":\"https:\/\/valmoral.org\/site\/wp-content\/uploads\/2026\/04\/HOMENAJE2025-55-scaled.jpg\",\"link\":\"https:\/\/valmoral.org\/site\/homenaje2025-55\/\",\"alt\":\"\",\"description\":\"\",\"caption\":\"\",\"mime\":\"image\/jpeg\",\"type\":\"image\",\"width\":2560,\"height\":1707,\"sizes\":{\"thumbnail\":{\"height\":150,\"width\":150,\"url\":\"https:\/\/valmoral.org\/site\/wp-content\/uploads\/2026\/04\/HOMENAJE2025-55-150x150.jpg\",\"orientation\":\"landscape\"},\"medium\":{\"height\":200,\"width\":300,\"url\":\"https:\/\/valmoral.org\/site\/wp-content\/uploads\/2026\/04\/HOMENAJE2025-55-300x200.jpg\",\"orientation\":\"landscape\"},\"large\":{\"height\":683,\"width\":1024,\"url\":\"https:\/\/valmoral.org\/site\/wp-content\/uploads\/2026\/04\/HOMENAJE2025-55-1024x683.jpg\",\"orientation\":\"landscape\"},\"full\":{\"url\":\"https:\/\/valmoral.org\/site\/wp-content\/uploads\/2026\/04\/HOMENAJE2025-55-scaled.jpg\",\"height\":1707,\"width\":2560,\"orientation\":\"landscape\"}},\"imageMeta\":{\"aperture\":\"2.8\",\"credit\":\"\",\"camera\":\"ILCE-6400\",\"caption\":\"\",\"created_timestamp\":\"1747962521\",\"copyright\":\"\",\"focal_length\":\"20\",\"iso\":\"500\",\"shutter_speed\":\"0.00625\",\"title\":\"\",\"orientation\":\"1\",\"keywords\":[]},\"meta\":false,\"postlink\":\"https:\/\/valmoral.org\/site\/homenaje2025-55\/\"},{\"id\":2959,\"title\":\"HOMENAJE2025-92\",\"url\":\"https:\/\/valmoral.org\/site\/wp-content\/uploads\/2026\/04\/HOMENAJE2025-92-scaled.jpg\",\"link\":\"https:\/\/valmoral.org\/site\/homenaje2025-92\/\",\"alt\":\"\",\"description\":\"\",\"caption\":\"\",\"mime\":\"image\/jpeg\",\"type\":\"image\",\"width\":2560,\"height\":1707,\"sizes\":{\"thumbnail\":{\"height\":150,\"width\":150,\"url\":\"https:\/\/valmoral.org\/site\/wp-content\/uploads\/2026\/04\/HOMENAJE2025-92-150x150.jpg\",\"orientation\":\"landscape\"},\"medium\":{\"height\":200,\"width\":300,\"url\":\"https:\/\/valmoral.org\/site\/wp-content\/uploads\/2026\/04\/HOMENAJE2025-92-300x200.jpg\",\"orientation\":\"landscape\"},\"large\":{\"height\":683,\"width\":1024,\"url\":\"https:\/\/valmoral.org\/site\/wp-content\/uploads\/2026\/04\/HOMENAJE2025-92-1024x683.jpg\",\"orientation\":\"landscape\"},\"full\":{\"url\":\"https:\/\/valmoral.org\/site\/wp-content\/uploads\/2026\/04\/HOMENAJE2025-92-scaled.jpg\",\"height\":1707,\"width\":2560,\"orientation\":\"landscape\"}},\"imageMeta\":{\"aperture\":\"1.8\",\"credit\":\"\",\"camera\":\"ILCE-6300\",\"caption\":\"\",\"created_timestamp\":\"1747942891\",\"copyright\":\"\",\"focal_length\":\"50\",\"iso\":\"1000\",\"shutter_speed\":\"0.003125\",\"title\":\"\",\"orientation\":\"1\",\"keywords\":[]},\"meta\":false,\"postlink\":\"https:\/\/valmoral.org\/site\/homenaje2025-92\/\"},{\"id\":2958,\"title\":\"HOMENAJE2025-90\",\"url\":\"https:\/\/valmoral.org\/site\/wp-content\/uploads\/2026\/04\/HOMENAJE2025-90-scaled.jpg\",\"link\":\"https:\/\/valmoral.org\/site\/homenaje2025-90\/\",\"alt\":\"\",\"description\":\"\",\"caption\":\"\",\"mime\":\"image\/jpeg\",\"type\":\"image\",\"width\":2560,\"height\":1707,\"sizes\":{\"thumbnail\":{\"height\":150,\"width\":150,\"url\":\"https:\/\/valmoral.org\/site\/wp-content\/uploads\/2026\/04\/HOMENAJE2025-90-150x150.jpg\",\"orientation\":\"landscape\"},\"medium\":{\"height\":200,\"width\":300,\"url\":\"https:\/\/valmoral.org\/site\/wp-content\/uploads\/2026\/04\/HOMENAJE2025-90-300x200.jpg\",\"orientation\":\"landscape\"},\"large\":{\"height\":683,\"width\":1024,\"url\":\"https:\/\/valmoral.org\/site\/wp-content\/uploads\/2026\/04\/HOMENAJE2025-90-1024x683.jpg\",\"orientation\":\"landscape\"},\"full\":{\"url\":\"https:\/\/valmoral.org\/site\/wp-content\/uploads\/2026\/04\/HOMENAJE2025-90-scaled.jpg\",\"height\":1707,\"width\":2560,\"orientation\":\"landscape\"}},\"imageMeta\":{\"aperture\":\"2.8\",\"credit\":\"\",\"camera\":\"ILCE-6400\",\"caption\":\"\",\"created_timestamp\":\"1747964305\",\"copyright\":\"\",\"focal_length\":\"20\",\"iso\":\"400\",\"shutter_speed\":\"0.01\",\"title\":\"\",\"orientation\":\"1\",\"keywords\":[]},\"meta\":false,\"postlink\":\"https:\/\/valmoral.org\/site\/homenaje2025-90\/\"},{\"id\":2957,\"title\":\"HOMENAJE2025-89\",\"url\":\"https:\/\/valmoral.org\/site\/wp-content\/uploads\/2026\/04\/HOMENAJE2025-89-scaled.jpg\",\"link\":\"https:\/\/valmoral.org\/site\/homenaje2025-89\/\",\"alt\":\"\",\"description\":\"\",\"caption\":\"\",\"mime\":\"image\/jpeg\",\"type\":\"image\",\"width\":2560,\"height\":1707,\"sizes\":{\"thumbnail\":{\"height\":150,\"width\":150,\"url\":\"https:\/\/valmoral.org\/site\/wp-content\/uploads\/2026\/04\/HOMENAJE2025-89-150x150.jpg\",\"orientation\":\"landscape\"},\"medium\":{\"height\":200,\"width\":300,\"url\":\"https:\/\/valmoral.org\/site\/wp-content\/uploads\/2026\/04\/HOMENAJE2025-89-300x200.jpg\",\"orientation\":\"landscape\"},\"large\":{\"height\":683,\"width\":1024,\"url\":\"https:\/\/valmoral.org\/site\/wp-content\/uploads\/2026\/04\/HOMENAJE2025-89-1024x683.jpg\",\"orientation\":\"landscape\"},\"full\":{\"url\":\"https:\/\/valmoral.org\/site\/wp-content\/uploads\/2026\/04\/HOMENAJE2025-89-scaled.jpg\",\"height\":1707,\"width\":2560,\"orientation\":\"landscape\"}},\"imageMeta\":{\"aperture\":\"2.8\",\"credit\":\"\",\"camera\":\"ILCE-6400\",\"caption\":\"\",\"created_timestamp\":\"1747964271\",\"copyright\":\"\",\"focal_length\":\"20\",\"iso\":\"400\",\"shutter_speed\":\"0.01\",\"title\":\"\",\"orientation\":\"1\",\"keywords\":[]},\"meta\":false,\"postlink\":\"https:\/\/valmoral.org\/site\/homenaje2025-89\/\"},{\"id\":2956,\"title\":\"HOMENAJE2025-83\",\"url\":\"https:\/\/valmoral.org\/site\/wp-content\/uploads\/2026\/04\/HOMENAJE2025-83-scaled.jpg\",\"link\":\"https:\/\/valmoral.org\/site\/homenaje2025-83\/\",\"alt\":\"\",\"description\":\"\",\"caption\":\"\",\"mime\":\"image\/jpeg\",\"type\":\"image\",\"width\":2560,\"height\":1707,\"sizes\":{\"thumbnail\":{\"height\":150,\"width\":150,\"url\":\"https:\/\/valmoral.org\/site\/wp-content\/uploads\/2026\/04\/HOMENAJE2025-83-150x150.jpg\",\"orientation\":\"landscape\"},\"medium\":{\"height\":200,\"width\":300,\"url\":\"https:\/\/valmoral.org\/site\/wp-content\/uploads\/2026\/04\/HOMENAJE2025-83-300x200.jpg\",\"orientation\":\"landscape\"},\"large\":{\"height\":683,\"width\":1024,\"url\":\"https:\/\/valmoral.org\/site\/wp-content\/uploads\/2026\/04\/HOMENAJE2025-83-1024x683.jpg\",\"orientation\":\"landscape\"},\"full\":{\"url\":\"https:\/\/valmoral.org\/site\/wp-content\/uploads\/2026\/04\/HOMENAJE2025-83-scaled.jpg\",\"height\":1707,\"width\":2560,\"orientation\":\"landscape\"}},\"imageMeta\":{\"aperture\":\"2.8\",\"credit\":\"\",\"camera\":\"ILCE-6400\",\"caption\":\"\",\"created_timestamp\":\"1747964193\",\"copyright\":\"\",\"focal_length\":\"20\",\"iso\":\"400\",\"shutter_speed\":\"0.01\",\"title\":\"\",\"orientation\":\"1\",\"keywords\":[]},\"meta\":false,\"postlink\":\"https:\/\/valmoral.org\/site\/homenaje2025-83\/\"},{\"id\":2955,\"title\":\"HOMENAJE2025-81\",\"url\":\"https:\/\/valmoral.org\/site\/wp-content\/uploads\/2026\/04\/HOMENAJE2025-81-scaled.jpg\",\"link\":\"https:\/\/valmoral.org\/site\/homenaje2025-81\/\",\"alt\":\"\",\"description\":\"\",\"caption\":\"\",\"mime\":\"image\/jpeg\",\"type\":\"image\",\"width\":2560,\"height\":1707,\"sizes\":{\"thumbnail\":{\"height\":150,\"width\":150,\"url\":\"https:\/\/valmoral.org\/site\/wp-content\/uploads\/2026\/04\/HOMENAJE2025-81-150x150.jpg\",\"orientation\":\"landscape\"},\"medium\":{\"height\":200,\"width\":300,\"url\":\"https:\/\/valmoral.org\/site\/wp-content\/uploads\/2026\/04\/HOMENAJE2025-81-300x200.jpg\",\"orientation\":\"landscape\"},\"large\":{\"height\":683,\"width\":1024,\"url\":\"https:\/\/valmoral.org\/site\/wp-content\/uploads\/2026\/04\/HOMENAJE2025-81-1024x683.jpg\",\"orientation\":\"landscape\"},\"full\":{\"url\":\"https:\/\/valmoral.org\/site\/wp-content\/uploads\/2026\/04\/HOMENAJE2025-81-scaled.jpg\",\"height\":1707,\"width\":2560,\"orientation\":\"landscape\"}},\"imageMeta\":{\"aperture\":\"2.8\",\"credit\":\"\",\"camera\":\"ILCE-6400\",\"caption\":\"\",\"created_timestamp\":\"1747963810\",\"copyright\":\"\",\"focal_length\":\"20\",\"iso\":\"1600\",\"shutter_speed\":\"0.008\",\"title\":\"\",\"orientation\":\"1\",\"keywords\":[]},\"meta\":false,\"postlink\":\"https:\/\/valmoral.org\/site\/homenaje2025-81\/\"},{\"id\":2954,\"title\":\"HOMENAJE2025-79\",\"url\":\"https:\/\/valmoral.org\/site\/wp-content\/uploads\/2026\/04\/HOMENAJE2025-79-scaled.jpg\",\"link\":\"https:\/\/valmoral.org\/site\/homenaje2025-79\/\",\"alt\":\"\",\"description\":\"\",\"caption\":\"\",\"mime\":\"image\/jpeg\",\"type\":\"image\",\"width\":2560,\"height\":1707,\"sizes\":{\"thumbnail\":{\"height\":150,\"width\":150,\"url\":\"https:\/\/valmoral.org\/site\/wp-content\/uploads\/2026\/04\/HOMENAJE2025-79-150x150.jpg\",\"orientation\":\"landscape\"},\"medium\":{\"height\":200,\"width\":300,\"url\":\"https:\/\/valmoral.org\/site\/wp-content\/uploads\/2026\/04\/HOMENAJE2025-79-300x200.jpg\",\"orientation\":\"landscape\"},\"large\":{\"height\":683,\"width\":1024,\"url\":\"https:\/\/valmoral.org\/site\/wp-content\/uploads\/2026\/04\/HOMENAJE2025-79-1024x683.jpg\",\"orientation\":\"landscape\"},\"full\":{\"url\":\"https:\/\/valmoral.org\/site\/wp-content\/uploads\/2026\/04\/HOMENAJE2025-79-scaled.jpg\",\"height\":1707,\"width\":2560,\"orientation\":\"landscape\"}},\"imageMeta\":{\"aperture\":\"2.8\",\"credit\":\"\",\"camera\":\"ILCE-6400\",\"caption\":\"\",\"created_timestamp\":\"1747963680\",\"copyright\":\"\",\"focal_length\":\"20\",\"iso\":\"1000\",\"shutter_speed\":\"0.008\",\"title\":\"\",\"orientation\":\"1\",\"keywords\":[]},\"meta\":false,\"postlink\":\"https:\/\/valmoral.org\/site\/homenaje2025-79\/\"},{\"id\":2963,\"title\":\"HOMENAJE2025-103\",\"url\":\"https:\/\/valmoral.org\/site\/wp-content\/uploads\/2026\/04\/HOMENAJE2025-103-scaled.jpg\",\"link\":\"https:\/\/valmoral.org\/site\/homenaje2025-103\/\",\"alt\":\"\",\"description\":\"\",\"caption\":\"\",\"mime\":\"image\/jpeg\",\"type\":\"image\",\"width\":2560,\"height\":1707,\"sizes\":{\"thumbnail\":{\"height\":150,\"width\":150,\"url\":\"https:\/\/valmoral.org\/site\/wp-content\/uploads\/2026\/04\/HOMENAJE2025-103-150x150.jpg\",\"orientation\":\"landscape\"},\"medium\":{\"height\":200,\"width\":300,\"url\":\"https:\/\/valmoral.org\/site\/wp-content\/uploads\/2026\/04\/HOMENAJE2025-103-300x200.jpg\",\"orientation\":\"landscape\"},\"large\":{\"height\":683,\"width\":1024,\"url\":\"https:\/\/valmoral.org\/site\/wp-content\/uploads\/2026\/04\/HOMENAJE2025-103-1024x683.jpg\",\"orientation\":\"landscape\"},\"full\":{\"url\":\"https:\/\/valmoral.org\/site\/wp-content\/uploads\/2026\/04\/HOMENAJE2025-103-scaled.jpg\",\"height\":1707,\"width\":2560,\"orientation\":\"landscape\"}},\"imageMeta\":{\"aperture\":\"2.8\",\"credit\":\"\",\"camera\":\"ILCE-6400\",\"caption\":\"\",\"created_timestamp\":\"1747968892\",\"copyright\":\"\",\"focal_length\":\"20\",\"iso\":\"500\",\"shutter_speed\":\"0.01\",\"title\":\"\",\"orientation\":\"1\",\"keywords\":[]},\"meta\":false,\"postlink\":\"https:\/\/valmoral.org\/site\/homenaje2025-103\/\"},{\"id\":2964,\"title\":\"HOMENAJE2025-106\",\"url\":\"https:\/\/valmoral.org\/site\/wp-content\/uploads\/2026\/04\/HOMENAJE2025-106-scaled.jpg\",\"link\":\"https:\/\/valmoral.org\/site\/homenaje2025-106\/\",\"alt\":\"\",\"description\":\"\",\"caption\":\"\",\"mime\":\"image\/jpeg\",\"type\":\"image\",\"width\":2560,\"height\":1707,\"sizes\":{\"thumbnail\":{\"height\":150,\"width\":150,\"url\":\"https:\/\/valmoral.org\/site\/wp-content\/uploads\/2026\/04\/HOMENAJE2025-106-150x150.jpg\",\"orientation\":\"landscape\"},\"medium\":{\"height\":200,\"width\":300,\"url\":\"https:\/\/valmoral.org\/site\/wp-content\/uploads\/2026\/04\/HOMENAJE2025-106-300x200.jpg\",\"orientation\":\"landscape\"},\"large\":{\"height\":683,\"width\":1024,\"url\":\"https:\/\/valmoral.org\/site\/wp-content\/uploads\/2026\/04\/HOMENAJE2025-106-1024x683.jpg\",\"orientation\":\"landscape\"},\"full\":{\"url\":\"https:\/\/valmoral.org\/site\/wp-content\/uploads\/2026\/04\/HOMENAJE2025-106-scaled.jpg\",\"height\":1707,\"width\":2560,\"orientation\":\"landscape\"}},\"imageMeta\":{\"aperture\":\"2.8\",\"credit\":\"\",\"camera\":\"ILCE-6400\",\"caption\":\"\",\"created_timestamp\":\"1747969027\",\"copyright\":\"\",\"focal_length\":\"20\",\"iso\":\"500\",\"shutter_speed\":\"0.01\",\"title\":\"\",\"orientation\":\"1\",\"keywords\":[]},\"meta\":false,\"postlink\":\"https:\/\/valmoral.org\/site\/homenaje2025-106\/\"},{\"id\":2968,\"title\":\"HOMENAJE2025-116\",\"url\":\"https:\/\/valmoral.org\/site\/wp-content\/uploads\/2026\/04\/HOMENAJE2025-116-scaled.jpg\",\"link\":\"https:\/\/valmoral.org\/site\/homenaje2025-116\/\",\"alt\":\"\",\"description\":\"\",\"caption\":\"\",\"mime\":\"image\/jpeg\",\"type\":\"image\",\"width\":2560,\"height\":1707,\"sizes\":{\"thumbnail\":{\"height\":150,\"width\":150,\"url\":\"https:\/\/valmoral.org\/site\/wp-content\/uploads\/2026\/04\/HOMENAJE2025-116-150x150.jpg\",\"orientation\":\"landscape\"},\"medium\":{\"height\":200,\"width\":300,\"url\":\"https:\/\/valmoral.org\/site\/wp-content\/uploads\/2026\/04\/HOMENAJE2025-116-300x200.jpg\",\"orientation\":\"landscape\"},\"large\":{\"height\":683,\"width\":1024,\"url\":\"https:\/\/valmoral.org\/site\/wp-content\/uploads\/2026\/04\/HOMENAJE2025-116-1024x683.jpg\",\"orientation\":\"landscape\"},\"full\":{\"url\":\"https:\/\/valmoral.org\/site\/wp-content\/uploads\/2026\/04\/HOMENAJE2025-116-scaled.jpg\",\"height\":1707,\"width\":2560,\"orientation\":\"landscape\"}},\"imageMeta\":{\"aperture\":\"3.2\",\"credit\":\"\",\"camera\":\"ILCE-6400\",\"caption\":\"\",\"created_timestamp\":\"1747969498\",\"copyright\":\"\",\"focal_length\":\"20\",\"iso\":\"640\",\"shutter_speed\":\"0.008\",\"title\":\"\",\"orientation\":\"1\",\"keywords\":[]},\"meta\":false,\"postlink\":\"https:\/\/valmoral.org\/site\/homenaje2025-116\/\"},{\"id\":2969,\"title\":\"HOMENAJE2025-118\",\"url\":\"https:\/\/valmoral.org\/site\/wp-content\/uploads\/2026\/04\/HOMENAJE2025-118-scaled.jpg\",\"link\":\"https:\/\/valmoral.org\/site\/homenaje2025-118\/\",\"alt\":\"\",\"description\":\"\",\"caption\":\"\",\"mime\":\"image\/jpeg\",\"type\":\"image\",\"width\":2560,\"height\":1707,\"sizes\":{\"thumbnail\":{\"height\":150,\"width\":150,\"url\":\"https:\/\/valmoral.org\/site\/wp-content\/uploads\/2026\/04\/HOMENAJE2025-118-150x150.jpg\",\"orientation\":\"landscape\"},\"medium\":{\"height\":200,\"width\":300,\"url\":\"https:\/\/valmoral.org\/site\/wp-content\/uploads\/2026\/04\/HOMENAJE2025-118-300x200.jpg\",\"orientation\":\"landscape\"},\"large\":{\"height\":683,\"width\":1024,\"url\":\"https:\/\/valmoral.org\/site\/wp-content\/uploads\/2026\/04\/HOMENAJE2025-118-1024x683.jpg\",\"orientation\":\"landscape\"},\"full\":{\"url\":\"https:\/\/valmoral.org\/site\/wp-content\/uploads\/2026\/04\/HOMENAJE2025-118-scaled.jpg\",\"height\":1707,\"width\":2560,\"orientation\":\"landscape\"}},\"imageMeta\":{\"aperture\":\"2.8\",\"credit\":\"\",\"camera\":\"ILCE-6400\",\"caption\":\"\",\"created_timestamp\":\"1747969632\",\"copyright\":\"\",\"focal_length\":\"20\",\"iso\":\"1250\",\"shutter_speed\":\"0.008\",\"title\":\"\",\"orientation\":\"1\",\"keywords\":[]},\"meta\":false,\"postlink\":\"https:\/\/valmoral.org\/site\/homenaje2025-118\/\"},{\"id\":2970,\"title\":\"HOMENAJE2025-135\",\"url\":\"https:\/\/valmoral.org\/site\/wp-content\/uploads\/2026\/04\/HOMENAJE2025-135-scaled.jpg\",\"link\":\"https:\/\/valmoral.org\/site\/homenaje2025-135\/\",\"alt\":\"\",\"description\":\"\",\"caption\":\"\",\"mime\":\"image\/jpeg\",\"type\":\"image\",\"width\":2560,\"height\":1707,\"sizes\":{\"thumbnail\":{\"height\":150,\"width\":150,\"url\":\"https:\/\/valmoral.org\/site\/wp-content\/uploads\/2026\/04\/HOMENAJE2025-135-150x150.jpg\",\"orientation\":\"landscape\"},\"medium\":{\"height\":200,\"width\":300,\"url\":\"https:\/\/valmoral.org\/site\/wp-content\/uploads\/2026\/04\/HOMENAJE2025-135-300x200.jpg\",\"orientation\":\"landscape\"},\"large\":{\"height\":683,\"width\":1024,\"url\":\"https:\/\/valmoral.org\/site\/wp-content\/uploads\/2026\/04\/HOMENAJE2025-135-1024x683.jpg\",\"orientation\":\"landscape\"},\"full\":{\"url\":\"https:\/\/valmoral.org\/site\/wp-content\/uploads\/2026\/04\/HOMENAJE2025-135-scaled.jpg\",\"height\":1707,\"width\":2560,\"orientation\":\"landscape\"}},\"imageMeta\":{\"aperture\":\"2.8\",\"credit\":\"\",\"camera\":\"ILCE-6400\",\"caption\":\"\",\"created_timestamp\":\"1747970415\",\"copyright\":\"\",\"focal_length\":\"20\",\"iso\":\"1000\",\"shutter_speed\":\"0.01\",\"title\":\"\",\"orientation\":\"1\",\"keywords\":[]},\"meta\":false,\"postlink\":\"https:\/\/valmoral.org\/site\/homenaje2025-135\/\"},{\"id\":2971,\"title\":\"HOMENAJE2025-137\",\"url\":\"https:\/\/valmoral.org\/site\/wp-content\/uploads\/2026\/04\/HOMENAJE2025-137-scaled.jpg\",\"link\":\"https:\/\/valmoral.org\/site\/homenaje2025-137\/\",\"alt\":\"\",\"description\":\"\",\"caption\":\"\",\"mime\":\"image\/jpeg\",\"type\":\"image\",\"width\":2560,\"height\":1707,\"sizes\":{\"thumbnail\":{\"height\":150,\"width\":150,\"url\":\"https:\/\/valmoral.org\/site\/wp-content\/uploads\/2026\/04\/HOMENAJE2025-137-150x150.jpg\",\"orientation\":\"landscape\"},\"medium\":{\"height\":200,\"width\":300,\"url\":\"https:\/\/valmoral.org\/site\/wp-content\/uploads\/2026\/04\/HOMENAJE2025-137-300x200.jpg\",\"orientation\":\"landscape\"},\"large\":{\"height\":683,\"width\":1024,\"url\":\"https:\/\/valmoral.org\/site\/wp-content\/uploads\/2026\/04\/HOMENAJE2025-137-1024x683.jpg\",\"orientation\":\"landscape\"},\"full\":{\"url\":\"https:\/\/valmoral.org\/site\/wp-content\/uploads\/2026\/04\/HOMENAJE2025-137-scaled.jpg\",\"height\":1707,\"width\":2560,\"orientation\":\"landscape\"}},\"imageMeta\":{\"aperture\":\"2.8\",\"credit\":\"\",\"camera\":\"ILCE-6400\",\"caption\":\"\",\"created_timestamp\":\"1747972117\",\"copyright\":\"\",\"focal_length\":\"20\",\"iso\":\"400\",\"shutter_speed\":\"0.01\",\"title\":\"\",\"orientation\":\"1\",\"keywords\":[]},\"meta\":false,\"postlink\":\"https:\/\/valmoral.org\/site\/homenaje2025-137\/\"},{\"id\":2961,\"title\":\"HOMENAJE2025-99\",\"url\":\"https:\/\/valmoral.org\/site\/wp-content\/uploads\/2026\/04\/HOMENAJE2025-99-scaled.jpg\",\"link\":\"https:\/\/valmoral.org\/site\/homenaje2025-99\/\",\"alt\":\"\",\"description\":\"\",\"caption\":\"\",\"mime\":\"image\/jpeg\",\"type\":\"image\",\"width\":2560,\"height\":1707,\"sizes\":{\"thumbnail\":{\"height\":150,\"width\":150,\"url\":\"https:\/\/valmoral.org\/site\/wp-content\/uploads\/2026\/04\/HOMENAJE2025-99-150x150.jpg\",\"orientation\":\"landscape\"},\"medium\":{\"height\":200,\"width\":300,\"url\":\"https:\/\/valmoral.org\/site\/wp-content\/uploads\/2026\/04\/HOMENAJE2025-99-300x200.jpg\",\"orientation\":\"landscape\"},\"large\":{\"height\":683,\"width\":1024,\"url\":\"https:\/\/valmoral.org\/site\/wp-content\/uploads\/2026\/04\/HOMENAJE2025-99-1024x683.jpg\",\"orientation\":\"landscape\"},\"full\":{\"url\":\"https:\/\/valmoral.org\/site\/wp-content\/uploads\/2026\/04\/HOMENAJE2025-99-scaled.jpg\",\"height\":1707,\"width\":2560,\"orientation\":\"landscape\"}},\"imageMeta\":{\"aperture\":\"2.8\",\"credit\":\"\",\"camera\":\"ILCE-6400\",\"caption\":\"\",\"created_timestamp\":\"1747968564\",\"copyright\":\"\",\"focal_length\":\"20\",\"iso\":\"1600\",\"shutter_speed\":\"0.01\",\"title\":\"\",\"orientation\":\"1\",\"keywords\":[]},\"meta\":false,\"postlink\":\"https:\/\/valmoral.org\/site\/homenaje2025-99\/\"},{\"id\":2960,\"title\":\"HOMENAJE2025-95\",\"url\":\"https:\/\/valmoral.org\/site\/wp-content\/uploads\/2026\/04\/HOMENAJE2025-95-scaled.jpg\",\"link\":\"https:\/\/valmoral.org\/site\/homenaje2025-95\/\",\"alt\":\"\",\"description\":\"\",\"caption\":\"\",\"mime\":\"image\/jpeg\",\"type\":\"image\",\"width\":1707,\"height\":2560,\"sizes\":{\"thumbnail\":{\"height\":150,\"width\":150,\"url\":\"https:\/\/valmoral.org\/site\/wp-content\/uploads\/2026\/04\/HOMENAJE2025-95-150x150.jpg\",\"orientation\":\"landscape\"},\"medium\":{\"height\":300,\"width\":200,\"url\":\"https:\/\/valmoral.org\/site\/wp-content\/uploads\/2026\/04\/HOMENAJE2025-95-200x300.jpg\",\"orientation\":\"portrait\"},\"large\":{\"height\":1024,\"width\":683,\"url\":\"https:\/\/valmoral.org\/site\/wp-content\/uploads\/2026\/04\/HOMENAJE2025-95-683x1024.jpg\",\"orientation\":\"portrait\"},\"full\":{\"url\":\"https:\/\/valmoral.org\/site\/wp-content\/uploads\/2026\/04\/HOMENAJE2025-95-scaled.jpg\",\"height\":2560,\"width\":1707,\"orientation\":\"portrait\"}},\"imageMeta\":{\"aperture\":\"1.8\",\"credit\":\"\",\"camera\":\"ILCE-6300\",\"caption\":\"\",\"created_timestamp\":\"1747944658\",\"copyright\":\"\",\"focal_length\":\"50\",\"iso\":\"2000\",\"shutter_speed\":\"0.0025\",\"title\":\"\",\"orientation\":\"1\",\"keywords\":[]},\"meta\":false,\"postlink\":\"https:\/\/valmoral.org\/site\/homenaje2025-95\/\"},{\"id\":2966,\"title\":\"HOMENAJE2025-111\",\"url\":\"https:\/\/valmoral.org\/site\/wp-content\/uploads\/2026\/04\/HOMENAJE2025-111-scaled.jpg\",\"link\":\"https:\/\/valmoral.org\/site\/homenaje2025-111\/\",\"alt\":\"\",\"description\":\"\",\"caption\":\"\",\"mime\":\"image\/jpeg\",\"type\":\"image\",\"width\":2560,\"height\":1707,\"sizes\":{\"thumbnail\":{\"height\":150,\"width\":150,\"url\":\"https:\/\/valmoral.org\/site\/wp-content\/uploads\/2026\/04\/HOMENAJE2025-111-150x150.jpg\",\"orientation\":\"landscape\"},\"medium\":{\"height\":200,\"width\":300,\"url\":\"https:\/\/valmoral.org\/site\/wp-content\/uploads\/2026\/04\/HOMENAJE2025-111-300x200.jpg\",\"orientation\":\"landscape\"},\"large\":{\"height\":683,\"width\":1024,\"url\":\"https:\/\/valmoral.org\/site\/wp-content\/uploads\/2026\/04\/HOMENAJE2025-111-1024x683.jpg\",\"orientation\":\"landscape\"},\"full\":{\"url\":\"https:\/\/valmoral.org\/site\/wp-content\/uploads\/2026\/04\/HOMENAJE2025-111-scaled.jpg\",\"height\":1707,\"width\":2560,\"orientation\":\"landscape\"}},\"imageMeta\":{\"aperture\":\"3.2\",\"credit\":\"\",\"camera\":\"ILCE-6400\",\"caption\":\"\",\"created_timestamp\":\"1747969230\",\"copyright\":\"\",\"focal_length\":\"20\",\"iso\":\"640\",\"shutter_speed\":\"0.008\",\"title\":\"\",\"orientation\":\"1\",\"keywords\":[]},\"meta\":false,\"postlink\":\"https:\/\/valmoral.org\/site\/homenaje2025-111\/\"},{\"id\":2965,\"title\":\"HOMENAJE2025-109\",\"url\":\"https:\/\/valmoral.org\/site\/wp-content\/uploads\/2026\/04\/HOMENAJE2025-109-scaled.jpg\",\"link\":\"https:\/\/valmoral.org\/site\/homenaje2025-109\/\",\"alt\":\"\",\"description\":\"\",\"caption\":\"\",\"mime\":\"image\/jpeg\",\"type\":\"image\",\"width\":2560,\"height\":1707,\"sizes\":{\"thumbnail\":{\"height\":150,\"width\":150,\"url\":\"https:\/\/valmoral.org\/site\/wp-content\/uploads\/2026\/04\/HOMENAJE2025-109-150x150.jpg\",\"orientation\":\"landscape\"},\"medium\":{\"height\":200,\"width\":300,\"url\":\"https:\/\/valmoral.org\/site\/wp-content\/uploads\/2026\/04\/HOMENAJE2025-109-300x200.jpg\",\"orientation\":\"landscape\"},\"large\":{\"height\":683,\"width\":1024,\"url\":\"https:\/\/valmoral.org\/site\/wp-content\/uploads\/2026\/04\/HOMENAJE2025-109-1024x683.jpg\",\"orientation\":\"landscape\"},\"full\":{\"url\":\"https:\/\/valmoral.org\/site\/wp-content\/uploads\/2026\/04\/HOMENAJE2025-109-scaled.jpg\",\"height\":1707,\"width\":2560,\"orientation\":\"landscape\"}},\"imageMeta\":{\"aperture\":\"2.8\",\"credit\":\"\",\"camera\":\"ILCE-6400\",\"caption\":\"\",\"created_timestamp\":\"1747969149\",\"copyright\":\"\",\"focal_length\":\"20\",\"iso\":\"1000\",\"shutter_speed\":\"0.01\",\"title\":\"\",\"orientation\":\"1\",\"keywords\":[]},\"meta\":false,\"postlink\":\"https:\/\/valmoral.org\/site\/homenaje2025-109\/\"},{\"id\":2967,\"title\":\"HOMENAJE2025-113\",\"url\":\"https:\/\/valmoral.org\/site\/wp-content\/uploads\/2026\/04\/HOMENAJE2025-113-scaled.jpg\",\"link\":\"https:\/\/valmoral.org\/site\/homenaje2025-113\/\",\"alt\":\"\",\"description\":\"\",\"caption\":\"\",\"mime\":\"image\/jpeg\",\"type\":\"image\",\"width\":2560,\"height\":1707,\"sizes\":{\"thumbnail\":{\"height\":150,\"width\":150,\"url\":\"https:\/\/valmoral.org\/site\/wp-content\/uploads\/2026\/04\/HOMENAJE2025-113-150x150.jpg\",\"orientation\":\"landscape\"},\"medium\":{\"height\":200,\"width\":300,\"url\":\"https:\/\/valmoral.org\/site\/wp-content\/uploads\/2026\/04\/HOMENAJE2025-113-300x200.jpg\",\"orientation\":\"landscape\"},\"large\":{\"height\":683,\"width\":1024,\"url\":\"https:\/\/valmoral.org\/site\/wp-content\/uploads\/2026\/04\/HOMENAJE2025-113-1024x683.jpg\",\"orientation\":\"landscape\"},\"full\":{\"url\":\"https:\/\/valmoral.org\/site\/wp-content\/uploads\/2026\/04\/HOMENAJE2025-113-scaled.jpg\",\"height\":1707,\"width\":2560,\"orientation\":\"landscape\"}},\"imageMeta\":{\"aperture\":\"3.2\",\"credit\":\"\",\"camera\":\"ILCE-6400\",\"caption\":\"\",\"created_timestamp\":\"1747969392\",\"copyright\":\"\",\"focal_length\":\"20\",\"iso\":\"640\",\"shutter_speed\":\"0.008\",\"title\":\"\",\"orientation\":\"1\",\"keywords\":[]},\"meta\":false,\"postlink\":\"https:\/\/valmoral.org\/site\/homenaje2025-113\/\"}],\"galleryData\":\"{\\u0022copyRProtection\\u0022:false,\\u0022copyRAlert\\u0022:\\u0022Hello, this photo is mine!\\u0022,\\u0022sliderScrollNavi\\u0022:false,\\u0022sliderNextPrevAnimation\\u0022:\\u0022animation\\u0022,\\u0022galleryScrollPositionControll\\u0022:false,\\u0022sliderVideoAutoPlay\\u0022:false,\\u0022sliderVideoLoop\\u0022:false,\\u0022sliderItemCounterEnable\\u0022:true,\\u0022sliderCaptionSrc\\u0022:\\u0022caption\\u0022,\\u0022sliderItemTitleEnable\\u0022:false,\\u0022sliderItemTitleFontSize\\u0022:18,\\u0022sliderItemTitleTextColor\\u0022:\\u0022rgba(255,255,255,1)\\u0022,\\u0022itemCounterColor\\u0022:\\u0022rgba(255,255,255,1)\\u0022,\\u0022sliderThumbBarEnable\\u0022:true,\\u0022sliderThumbBarHoverColor\\u0022:\\u0022rgba(240,240,240,1)\\u0022,\\u0022sliderBgColor\\u0022:\\u0022rgba(0,0,0,0.8)\\u0022,\\u0022sliderPreloaderColor\\u0022:\\u0022rgba(240,240,240,1)\\u0022,\\u0022sliderHeaderFooterBgColor\\u0022:\\u0022rgba(0,0,0,0.4)\\u0022,\\u0022sliderNavigationColor\\u0022:\\u0022rgba(0,0,0,1)\\u0022,\\u0022sliderNavigationIconColor\\u0022:\\u0022rgba(255,255,255,1)\\u0022,\\u0022sliderSlideshow\\u0022:true,\\u0022sliderSlideshowDelay\\u0022:8,\\u0022slideshowIndicatorColor\\u0022:\\u0022rgba(255,255,255,1)\\u0022,\\u0022slideshowIndicatorColorBg\\u0022:\\u0022rgba(255,255,255,0.5)\\u0022,\\u0022sliderThumbSubMenuBackgroundColor\\u0022:\\u0022rgba(255,255,255,0)\\u0022,\\u0022sliderThumbSubMenuBackgroundColorOver\\u0022:\\u0022rgba(255,255,255,1)\\u0022,\\u0022sliderThumbSubMenuIconColor\\u0022:\\u0022rgba(255,255,255,1)\\u0022,\\u0022sliderThumbSubMenuIconHoverColor\\u0022:\\u0022rgba(0,0,0,1)\\u0022,\\u0022sliderSocialShareEnabled\\u0022:true,\\u0022sliderZoomEnable\\u0022:true,\\u0022sliderFullscreenEnabled\\u0022:true,\\u0022modaBgColor\\u0022:\\u0022rgba(0,0,0,0.8)\\u0022,\\u0022modalIconColor\\u0022:\\u0022rgba(255,255,255,1)\\u0022,\\u0022modalIconColorHover\\u0022:\\u0022rgba(255,255,255,0.8)\\u0022,\\u0022shareFacebook\\u0022:true,\\u0022shareTwitter\\u0022:true,\\u0022sharePinterest\\u0022:true,\\u0022sliderItemDownload\\u0022:true,\\u0022shareCopyLink\\u0022:true,\\u0022sharePost\\u0022:\\u0022sharelink\\u0022,\\u0022tagsFilter\\u0022:false,\\u0022tagCloudAll\\u0022:\\u0022All\\u0022,\\u0022tagCloudBgColor\\u0022:\\u0022rgba(153,153,153,1)\\u0022,\\u0022tagCloudBgColorOver\\u0022:\\u0022rgba(253,253,253,1)\\u0022,\\u0022tagCloudTextColor\\u0022:\\u0022rgba(253,253,253,1)\\u0022,\\u0022tagCloudTextColorOver\\u0022:\\u0022rgba(153,153,153,1)\\u0022,\\u0022tagCloudFontSize\\u0022:16,\\u0022deepLinking\\u0022:false,\\u0022useLightbox\\u0022:true,\\u0022thumbClickAction\\u0022:\\u0022useLightbox\\u0022,\\u0022numItemsDisplayed\\u0022:0,\\u0022lazyLoading\\u0022:true,\\u0022contentNoPadding\\u0022:false,\\u0022galleryPreloaderColor\\u0022:\\u0022rgba(230,230,230,1)\\u0022,\\u0022galleryBgColor\\u0022:\\u0022rgba(0,0,0,0)\\u0022,\\u0022galleryBorderRadius\\u0022:0,\\u0022customCSS\\u0022:\\u0022\\u0022,\\u0022collectionThumbRecomendedWidth\\u0022:200,\\u0022thumbSpacing\\u0022:5,\\u0022externalLink\\u0022:false,\\u0022externalLinkDefName\\u0022:\\u0022Read More\\u0022,\\u0022externalLinkTextColor\\u0022:\\u0022rgba(0,0,0,1)\\u0022,\\u0022externalLinkBgColor\\u0022:\\u0022rgba(255,255,255,1)\\u0022,\\u0022externalLinkFontSize\\u0022:18,\\u0022captions\\u0022:false,\\u0022captionSrc\\u0022:\\u0022caption\\u0022,\\u0022captionHAlign\\u0022:\\u0022top\\u0022,\\u0022collectionthumbHoverTitleFontSize\\u0022:18,\\u0022collectionthumbRoundedCorners\\u0022:0,\\u0022collectionthumbHoverTitleTextColor\\u0022:\\u0022rgba(255,255,255,1)\\u0022,\\u0022collectionthumbHoverTitleTextBgColor\\u0022:\\u0022rgba(0,0,0,0.8)\\u0022,\\u0022collectionthumbHoverBgColor\\u0022:\\u0022rgba(0,0,0,0.4)\\u0022,\\u0022collectionThumbSubMenuDownload\\u0022:false,\\u0022collectionThumbSubMenuShare\\u0022:false,\\u0022collectionThumbSubMenuBgColor\\u0022:\\u0022rgba(0,0,0,0.4)\\u0022,\\u0022collectionThumbSubMenuBgColorHover\\u0022:\\u0022rgba(255,255,255,1)\\u0022,\\u0022collectionThumbSubMenuIconColor\\u0022:\\u0022rgba(255,255,255,1)\\u0022,\\u0022collectionThumbSubMenuIconColorHover\\u0022:\\u0022rgba(0,0,0,1)\\u0022,\\u0022collectionthumbColorsFilter\\u0022:\\u0022none\\u0022,\\u0022sliderItemBgColor\\u0022:\\u0022rgba(0,0,0,0)\\u0022,\\u0022sliderItemBorderColor\\u0022:\\u0022rgba(255,255,255,1)\\u0022,\\u0022sliderItemBorderWidth\\u0022:0,\\u0022sliderItemFill\\u0022:\\u0022true\\u0022,\\u0022galleryType\\u0022:\\u0022pgc_sgb_slider\\u0022,\\u0022align\\u0022:\\u0022\\u0022,\\u0022galleryId\\u0022:\\u00229c925c55_1606162026563\\u0022,\\u0022tagsListCustomMode\\u0022:false,\\u0022initGalleryByFirstTag\\u0022:false,\\u0022deepLinkingForTag\\u0022:false,\\u0022galleryTagsList\\u0022:[],\\u0022useClobalSettings\\u0022:false,\\u0022orderBy\\u0022:\\u0022custom\\u0022,\\u0022sliderMaxHeight\\u0022:260,\\u0022sliderAdminWidth\\u0022:840,\\u0022responsiveHeight\\u0022:true,\\u0022collectionColumns\\u0022:3,\\u0022sliderAnimation\\u0022:\\u0022fade\\u0022,\\u0022sliderNextPrevNavigation\\u0022:true,\\u0022sliderNextPrevBgColor\\u0022:\\u0022rgba(255,255,255,1)\\u0022,\\u0022sliderNextPrevBgColorHover\\u0022:\\u0022rgba(0,0,0,1)\\u0022,\\u0022sliderNextPrevIconColor\\u0022:\\u0022rgba(0,0,0,1)\\u0022,\\u0022sliderNextPrevIconColorHover\\u0022:\\u0022rgba(255,255,255,1)\\u0022,\\u0022sliderThumbsNavi\\u0022:false,\\u0022sliderThumbsNaviColor\\u0022:\\u0022rgba(255,255,255,1)\\u0022,\\u0022sliderDotNavi\\u0022:true,\\u0022sliderDotNaviBgColor\\u0022:\\u0022rgba(0,0,0,.4)\\u0022,\\u0022sliderDotNaviBgColorHover\\u0022:\\u0022rgba(255,255,255,1)\\u0022,\\u0022autoPlay\\u0022:true,\\u0022autoPlayDelay\\u0022:4,\\u0022autoPlayMouseStoper\\u0022:true,\\u0022skin\\u0022:\\u0022slider\\u0022}\",\"advgbBlockControls\":[{\"control\":\"meta\",\"activeTab\":\"custom\"}],\"openPopupId\":\"\",\"itemsMetaDataCollection\":[]}<\/script><script>(function(){if(window.PGC_SGB && window.PGC_SGB.searcher){window.PGC_SGB.searcher.initBlocks()}})()<\/script><\/div>","protected":false},"excerpt":{"rendered":"<p>La tolerancia es el arte de convivir en armon\u00eda, reconociendo que la diversidad de pensamiento y car\u00e1cter es lo que realmente enriquece a una sociedad. <\/p>\n","protected":false},"author":4,"featured_media":2937,"comment_status":"closed","ping_status":"closed","sticky":false,"template":"","format":"standard","meta":{"inline_featured_image":false,"advgb_blocks_editor_width":"","advgb_blocks_columns_visual_guide":"","pgc_sgb_lightbox_settings":"","footnotes":""},"categories":[4],"tags":[],"class_list":["post-2933","post","type-post","status-publish","format-standard","has-post-thumbnail","hentry","category-personajes-valmoral"],"author_meta":{"display_name":"It_Valmoral","author_link":"https:\/\/valmoral.org\/site\/author\/it_valmoral\/"},"featured_img":"https:\/\/valmoral.org\/site\/wp-content\/uploads\/2026\/04\/download-14-300x167.png","coauthors":[],"tax_additional":{"categories":{"linked":["<a href=\"https:\/\/valmoral.org\/site\/category\/personajes-valmoral\/\" class=\"advgb-post-tax-term\">Personajes Valmoral<\/a>"],"unlinked":["<span class=\"advgb-post-tax-term\">Personajes Valmoral<\/span>"]}},"comment_count":"0","relative_dates":{"created":"Publicado 20 horas hace","modified":"Actualizado 18 horas hace"},"absolute_dates":{"created":"Publicado el 30 de abril de 2026","modified":"Actualizado el 30 de abril de 2026"},"absolute_dates_time":{"created":"Publicado el 30 de abril de 2026 14:04","modified":"Actualizado el 30 de abril de 2026 15:35"},"featured_img_caption":"","series_order":"","_links":{"self":[{"href":"https:\/\/valmoral.org\/site\/wp-json\/wp\/v2\/posts\/2933","targetHints":{"allow":["GET"]}}],"collection":[{"href":"https:\/\/valmoral.org\/site\/wp-json\/wp\/v2\/posts"}],"about":[{"href":"https:\/\/valmoral.org\/site\/wp-json\/wp\/v2\/types\/post"}],"author":[{"embeddable":true,"href":"https:\/\/valmoral.org\/site\/wp-json\/wp\/v2\/users\/4"}],"replies":[{"embeddable":true,"href":"https:\/\/valmoral.org\/site\/wp-json\/wp\/v2\/comments?post=2933"}],"version-history":[{"count":5,"href":"https:\/\/valmoral.org\/site\/wp-json\/wp\/v2\/posts\/2933\/revisions"}],"predecessor-version":[{"id":3016,"href":"https:\/\/valmoral.org\/site\/wp-json\/wp\/v2\/posts\/2933\/revisions\/3016"}],"wp:featuredmedia":[{"embeddable":true,"href":"https:\/\/valmoral.org\/site\/wp-json\/wp\/v2\/media\/2937"}],"wp:attachment":[{"href":"https:\/\/valmoral.org\/site\/wp-json\/wp\/v2\/media?parent=2933"}],"wp:term":[{"taxonomy":"category","embeddable":true,"href":"https:\/\/valmoral.org\/site\/wp-json\/wp\/v2\/categories?post=2933"},{"taxonomy":"post_tag","embeddable":true,"href":"https:\/\/valmoral.org\/site\/wp-json\/wp\/v2\/tags?post=2933"}],"curies":[{"name":"wp","href":"https:\/\/api.w.org\/{rel}","templated":true}]}}