{"id":348,"date":"2020-09-29T03:44:39","date_gmt":"2020-09-29T03:44:39","guid":{"rendered":"http:\/\/www.valmoral.org\/site\/?p=348"},"modified":"2020-11-23T20:23:49","modified_gmt":"2020-11-23T20:23:49","slug":"emilio-salomon-larach-chehade","status":"publish","type":"post","link":"https:\/\/valmoral.org\/site\/2020\/09\/29\/emilio-salomon-larach-chehade\/","title":{"rendered":"Emilio Salom\u00f3n Larach Chehade"},"content":{"rendered":"\n<h2 class=\"has-large-font-size wp-block-heading\">Personaje Valmoral 2015<\/h2>\n\n\n\n<h3 class=\"has-medium-font-size wp-block-heading\">Valor reconocido: <strong>RESPONSABILIDAD<\/strong><\/h3>\n\n\n\n<p>La responsabilidad es la capacidad de cumplir con los compromisos adquiridos. Este valor genera confianza y tranquilidad entre las personas. La persona responsable tiene el conocimiento que sus decisiones tienen repercusi\u00f3n tanto en la vida propia, como en la de las personas que lo rodean.<\/p>\n\n\n\n<h3 class=\"has-medium-font-size wp-block-heading\">Nota de Prensa<\/h3>\n\n\n\n<p>Emilio Larach trabaj\u00f3 arduamente desde joven en la tienda de su pariente y luego se independiz\u00f3, y dio inicio a su empresa ferretera Larach y C\u00eda. Hoy por hoy la misma tiene m\u00e1s de 55 a\u00f1os de existencia. Larach no es cualquier empresario. Es uno de los l\u00edderes m\u00e1ximos de la empresa privada hondure\u00f1a, imprimiendo, con alto sentido de \u00e9tica y compromiso, nuevos br\u00edos en su actividad profesional, representando un magn\u00edfico ejemplo para sus colegas. Dentro de su amplia trayectoria se ha distinguido en diferentes ejes de apoyo a la sociedad hondure\u00f1a en las \u00e1reas de: Medio ambiente, educaci\u00f3n, responsabilidad empresarial, deportes, responsabilidad social y proyectos de agua potable.<\/p>\n\n\n\n<div class=\"wp-block-buttons is-layout-flex wp-block-buttons-is-layout-flex\">\n<div class=\"wp-block-button\"><a class=\"wp-block-button__link has-background\" href=\"https:\/\/valmoral.org\/site\/wp-content\/uploads\/2020\/09\/hoja_de_vida_personaje_valmoral_-2015.pdf\" style=\"border-radius:5px;background-color:#2182c5\">Descargar Hoja de Vida<\/a><\/div>\n<\/div>\n\n\n\n<hr class=\"wp-block-separator\"\/>\n\n\n\n<iframe style=\"width:100%;max-width:100%;height:600px\" src=\"http:\/\/online.fliphtml5.com\/kvoz\/glya\/\" class=\"\" frameborder=\"0\" allowfullscreen><\/iframe>\n\n\n\n<hr class=\"wp-block-separator\"\/>\n\n\n\n<div class=\"wp-block-advgb-video advgb-video-block full-width\" data-video=\"https:\/\/www.youtube.com\/embed\/Kqyme3TYaYI?rel=0&amp;wmode=transparent\" data-source=\"youtube\" data-video-attr=\"controls,playsinline\" data-video-preload=\"metadata\"><div class=\"advgb-video-wrapper full-width no-lightbox\"><iframe src=\"https:\/\/www.youtube.com\/embed\/Kqyme3TYaYI?rel=0&amp;wmode=transparent\" height=\"450\" frameborder=\"0\" allowfullscreen><\/iframe><\/div><\/div>\n\n\n\n<hr class=\"wp-block-separator\"\/>\n\n\n<div class=\"pgc-sgb-cb wp-block-pgcsimplygalleryblock-slider \" data-gallery-id=\"05ec9ed1_1606162982318\"style=&quot;min-height:260px&quot;><div class=\"sgb-preloader\" id=\"pr_05ec9ed1_1606162982318\">\n\t<div class=\"sgb-square\" style=\"background:#d4d4d4\"><\/div>\n\t<div class=\"sgb-square\" style=\"background:#d4d4d4\"><\/div>\n\t<div class=\"sgb-square\" style=\"background:#d4d4d4\"><\/div>\n\t<div class=\"sgb-square\" style=\"background:#d4d4d4\"><\/div><\/div><div class=\"simply-gallery-amp pgc_sgb_slider \"><noscript><div class=\"sgb-gallery\"><div class=\"sgb-item\"><a href=\"https:\/\/valmoral.org\/site\/wp-content\/uploads\/2020\/10\/personaje_2015_galeriia_01.jpg\"><img decoding=\"async\" alt=\"\" width=\"300\" height=\"200\" loading=\"lazy\" src=\"https:\/\/valmoral.org\/site\/wp-content\/uploads\/2020\/10\/personaje_2015_galeriia_01-300x200.jpg\" srcset=\"https:\/\/valmoral.org\/site\/wp-content\/uploads\/2020\/10\/personaje_2015_galeriia_01-300x200.jpg 300w,https:\/\/valmoral.org\/site\/wp-content\/uploads\/2020\/10\/personaje_2015_galeriia_01-1024x683.jpg 1024w,https:\/\/valmoral.org\/site\/wp-content\/uploads\/2020\/10\/personaje_2015_galeriia_01.jpg 1200w\" sizes=\"auto, 250px\"\/><\/a><\/div><div class=\"sgb-item\"><a href=\"https:\/\/valmoral.org\/site\/wp-content\/uploads\/2020\/10\/personaje_2015_galeriia_02.jpg\"><img decoding=\"async\" alt=\"\" width=\"300\" height=\"200\" loading=\"lazy\" src=\"https:\/\/valmoral.org\/site\/wp-content\/uploads\/2020\/10\/personaje_2015_galeriia_02-300x200.jpg\" srcset=\"https:\/\/valmoral.org\/site\/wp-content\/uploads\/2020\/10\/personaje_2015_galeriia_02-300x200.jpg 300w,https:\/\/valmoral.org\/site\/wp-content\/uploads\/2020\/10\/personaje_2015_galeriia_02-1024x683.jpg 1024w,https:\/\/valmoral.org\/site\/wp-content\/uploads\/2020\/10\/personaje_2015_galeriia_02.jpg 1200w\" sizes=\"auto, 250px\"\/><\/a><\/div><div class=\"sgb-item\"><a href=\"https:\/\/valmoral.org\/site\/wp-content\/uploads\/2020\/10\/personaje_2015_galeriia_06.jpg\"><img decoding=\"async\" alt=\"\" width=\"200\" height=\"300\" loading=\"lazy\" src=\"https:\/\/valmoral.org\/site\/wp-content\/uploads\/2020\/10\/personaje_2015_galeriia_06-200x300.jpg\" srcset=\"https:\/\/valmoral.org\/site\/wp-content\/uploads\/2020\/10\/personaje_2015_galeriia_06-200x300.jpg 200w,https:\/\/valmoral.org\/site\/wp-content\/uploads\/2020\/10\/personaje_2015_galeriia_06-683x1024.jpg 683w,https:\/\/valmoral.org\/site\/wp-content\/uploads\/2020\/10\/personaje_2015_galeriia_06.jpg 800w\" sizes=\"auto, 250px\"\/><\/a><\/div><div class=\"sgb-item\"><a href=\"https:\/\/valmoral.org\/site\/wp-content\/uploads\/2020\/10\/personaje_2015_galeriia_04.jpg\"><img decoding=\"async\" alt=\"\" width=\"200\" height=\"300\" loading=\"lazy\" src=\"https:\/\/valmoral.org\/site\/wp-content\/uploads\/2020\/10\/personaje_2015_galeriia_04-200x300.jpg\" srcset=\"https:\/\/valmoral.org\/site\/wp-content\/uploads\/2020\/10\/personaje_2015_galeriia_04-200x300.jpg 200w,https:\/\/valmoral.org\/site\/wp-content\/uploads\/2020\/10\/personaje_2015_galeriia_04-683x1024.jpg 683w,https:\/\/valmoral.org\/site\/wp-content\/uploads\/2020\/10\/personaje_2015_galeriia_04.jpg 800w\" sizes=\"auto, 250px\"\/><\/a><\/div><div class=\"sgb-item\"><a href=\"https:\/\/valmoral.org\/site\/wp-content\/uploads\/2020\/10\/personaje_2015_galeriia_05.jpg\"><img decoding=\"async\" alt=\"\" width=\"300\" height=\"200\" loading=\"lazy\" src=\"https:\/\/valmoral.org\/site\/wp-content\/uploads\/2020\/10\/personaje_2015_galeriia_05-300x200.jpg\" srcset=\"https:\/\/valmoral.org\/site\/wp-content\/uploads\/2020\/10\/personaje_2015_galeriia_05-300x200.jpg 300w,https:\/\/valmoral.org\/site\/wp-content\/uploads\/2020\/10\/personaje_2015_galeriia_05-1024x683.jpg 1024w,https:\/\/valmoral.org\/site\/wp-content\/uploads\/2020\/10\/personaje_2015_galeriia_05.jpg 1200w\" sizes=\"auto, 250px\"\/><\/a><\/div><div class=\"sgb-item\"><a href=\"https:\/\/valmoral.org\/site\/wp-content\/uploads\/2020\/10\/personaje_2015_galeriia_03.jpg\"><img decoding=\"async\" alt=\"\" width=\"300\" height=\"200\" loading=\"lazy\" src=\"https:\/\/valmoral.org\/site\/wp-content\/uploads\/2020\/10\/personaje_2015_galeriia_03-300x200.jpg\" srcset=\"https:\/\/valmoral.org\/site\/wp-content\/uploads\/2020\/10\/personaje_2015_galeriia_03-300x200.jpg 300w,https:\/\/valmoral.org\/site\/wp-content\/uploads\/2020\/10\/personaje_2015_galeriia_03-1024x683.jpg 1024w,https:\/\/valmoral.org\/site\/wp-content\/uploads\/2020\/10\/personaje_2015_galeriia_03.jpg 1200w\" sizes=\"auto, 250px\"\/><\/a><\/div><\/div><\/noscript><\/div><script type=\"application\/json\" class=\"sgb-data\">{\"externalLink\":false,\"captions\":false,\"collectionThumbSubMenuDownload\":false,\"collectionThumbSubMenuShare\":false,\"galleryType\":\"pgc_sgb_slider\",\"galleryId\":\"05ec9ed1_1606162982318\",\"images\":[{\"id\":508,\"title\":\"personaje_2015_galeriia_01\",\"url\":\"https:\/\/valmoral.org\/site\/wp-content\/uploads\/2020\/10\/personaje_2015_galeriia_01.jpg\",\"link\":\"https:\/\/valmoral.org\/site\/2020\/09\/29\/emilio-salomon-larach-chehade\/personaje_2015_galeriia_01\/\",\"alt\":\"\",\"description\":\"\",\"caption\":\"\",\"mime\":\"image\/jpeg\",\"type\":\"image\",\"width\":1200,\"height\":800,\"sizes\":{\"thumbnail\":{\"height\":150,\"width\":150,\"url\":\"https:\/\/valmoral.org\/site\/wp-content\/uploads\/2020\/10\/personaje_2015_galeriia_01-150x150.jpg\",\"orientation\":\"landscape\"},\"medium\":{\"height\":200,\"width\":300,\"url\":\"https:\/\/valmoral.org\/site\/wp-content\/uploads\/2020\/10\/personaje_2015_galeriia_01-300x200.jpg\",\"orientation\":\"landscape\"},\"large\":{\"height\":683,\"width\":1024,\"url\":\"https:\/\/valmoral.org\/site\/wp-content\/uploads\/2020\/10\/personaje_2015_galeriia_01-1024x683.jpg\",\"orientation\":\"landscape\"},\"full\":{\"url\":\"https:\/\/valmoral.org\/site\/wp-content\/uploads\/2020\/10\/personaje_2015_galeriia_01.jpg\",\"height\":800,\"width\":1200,\"orientation\":\"landscape\"}},\"meta\":false},{\"id\":509,\"title\":\"personaje_2015_galeriia_02\",\"url\":\"https:\/\/valmoral.org\/site\/wp-content\/uploads\/2020\/10\/personaje_2015_galeriia_02.jpg\",\"link\":\"https:\/\/valmoral.org\/site\/2020\/09\/29\/emilio-salomon-larach-chehade\/personaje_2015_galeriia_02\/\",\"alt\":\"\",\"description\":\"\",\"caption\":\"\",\"mime\":\"image\/jpeg\",\"type\":\"image\",\"width\":1200,\"height\":800,\"sizes\":{\"thumbnail\":{\"height\":150,\"width\":150,\"url\":\"https:\/\/valmoral.org\/site\/wp-content\/uploads\/2020\/10\/personaje_2015_galeriia_02-150x150.jpg\",\"orientation\":\"landscape\"},\"medium\":{\"height\":200,\"width\":300,\"url\":\"https:\/\/valmoral.org\/site\/wp-content\/uploads\/2020\/10\/personaje_2015_galeriia_02-300x200.jpg\",\"orientation\":\"landscape\"},\"large\":{\"height\":683,\"width\":1024,\"url\":\"https:\/\/valmoral.org\/site\/wp-content\/uploads\/2020\/10\/personaje_2015_galeriia_02-1024x683.jpg\",\"orientation\":\"landscape\"},\"full\":{\"url\":\"https:\/\/valmoral.org\/site\/wp-content\/uploads\/2020\/10\/personaje_2015_galeriia_02.jpg\",\"height\":800,\"width\":1200,\"orientation\":\"landscape\"}},\"meta\":false},{\"id\":513,\"title\":\"personaje_2015_galeriia_06\",\"url\":\"https:\/\/valmoral.org\/site\/wp-content\/uploads\/2020\/10\/personaje_2015_galeriia_06.jpg\",\"link\":\"https:\/\/valmoral.org\/site\/2020\/09\/29\/emilio-salomon-larach-chehade\/personaje_2015_galeriia_06\/\",\"alt\":\"\",\"description\":\"\",\"caption\":\"\",\"mime\":\"image\/jpeg\",\"type\":\"image\",\"width\":800,\"height\":1200,\"sizes\":{\"thumbnail\":{\"height\":150,\"width\":150,\"url\":\"https:\/\/valmoral.org\/site\/wp-content\/uploads\/2020\/10\/personaje_2015_galeriia_06-150x150.jpg\",\"orientation\":\"landscape\"},\"medium\":{\"height\":300,\"width\":200,\"url\":\"https:\/\/valmoral.org\/site\/wp-content\/uploads\/2020\/10\/personaje_2015_galeriia_06-200x300.jpg\",\"orientation\":\"portrait\"},\"large\":{\"height\":1024,\"width\":683,\"url\":\"https:\/\/valmoral.org\/site\/wp-content\/uploads\/2020\/10\/personaje_2015_galeriia_06-683x1024.jpg\",\"orientation\":\"portrait\"},\"full\":{\"url\":\"https:\/\/valmoral.org\/site\/wp-content\/uploads\/2020\/10\/personaje_2015_galeriia_06.jpg\",\"height\":1200,\"width\":800,\"orientation\":\"portrait\"}},\"meta\":false},{\"id\":511,\"title\":\"personaje_2015_galeriia_04\",\"url\":\"https:\/\/valmoral.org\/site\/wp-content\/uploads\/2020\/10\/personaje_2015_galeriia_04.jpg\",\"link\":\"https:\/\/valmoral.org\/site\/2020\/09\/29\/emilio-salomon-larach-chehade\/personaje_2015_galeriia_04\/\",\"alt\":\"\",\"description\":\"\",\"caption\":\"\",\"mime\":\"image\/jpeg\",\"type\":\"image\",\"width\":800,\"height\":1200,\"sizes\":{\"thumbnail\":{\"height\":150,\"width\":150,\"url\":\"https:\/\/valmoral.org\/site\/wp-content\/uploads\/2020\/10\/personaje_2015_galeriia_04-150x150.jpg\",\"orientation\":\"landscape\"},\"medium\":{\"height\":300,\"width\":200,\"url\":\"https:\/\/valmoral.org\/site\/wp-content\/uploads\/2020\/10\/personaje_2015_galeriia_04-200x300.jpg\",\"orientation\":\"portrait\"},\"large\":{\"height\":1024,\"width\":683,\"url\":\"https:\/\/valmoral.org\/site\/wp-content\/uploads\/2020\/10\/personaje_2015_galeriia_04-683x1024.jpg\",\"orientation\":\"portrait\"},\"full\":{\"url\":\"https:\/\/valmoral.org\/site\/wp-content\/uploads\/2020\/10\/personaje_2015_galeriia_04.jpg\",\"height\":1200,\"width\":800,\"orientation\":\"portrait\"}},\"meta\":false},{\"id\":512,\"title\":\"personaje_2015_galeriia_05\",\"url\":\"https:\/\/valmoral.org\/site\/wp-content\/uploads\/2020\/10\/personaje_2015_galeriia_05.jpg\",\"link\":\"https:\/\/valmoral.org\/site\/2020\/09\/29\/emilio-salomon-larach-chehade\/personaje_2015_galeriia_05\/\",\"alt\":\"\",\"description\":\"\",\"caption\":\"\",\"mime\":\"image\/jpeg\",\"type\":\"image\",\"width\":1200,\"height\":800,\"sizes\":{\"thumbnail\":{\"height\":150,\"width\":150,\"url\":\"https:\/\/valmoral.org\/site\/wp-content\/uploads\/2020\/10\/personaje_2015_galeriia_05-150x150.jpg\",\"orientation\":\"landscape\"},\"medium\":{\"height\":200,\"width\":300,\"url\":\"https:\/\/valmoral.org\/site\/wp-content\/uploads\/2020\/10\/personaje_2015_galeriia_05-300x200.jpg\",\"orientation\":\"landscape\"},\"large\":{\"height\":683,\"width\":1024,\"url\":\"https:\/\/valmoral.org\/site\/wp-content\/uploads\/2020\/10\/personaje_2015_galeriia_05-1024x683.jpg\",\"orientation\":\"landscape\"},\"full\":{\"url\":\"https:\/\/valmoral.org\/site\/wp-content\/uploads\/2020\/10\/personaje_2015_galeriia_05.jpg\",\"height\":800,\"width\":1200,\"orientation\":\"landscape\"}},\"meta\":false},{\"id\":510,\"title\":\"personaje_2015_galeriia_03\",\"url\":\"https:\/\/valmoral.org\/site\/wp-content\/uploads\/2020\/10\/personaje_2015_galeriia_03.jpg\",\"link\":\"https:\/\/valmoral.org\/site\/2020\/09\/29\/emilio-salomon-larach-chehade\/personaje_2015_galeriia_03\/\",\"alt\":\"\",\"description\":\"\",\"caption\":\"\",\"mime\":\"image\/jpeg\",\"type\":\"image\",\"width\":1200,\"height\":800,\"sizes\":{\"thumbnail\":{\"height\":150,\"width\":150,\"url\":\"https:\/\/valmoral.org\/site\/wp-content\/uploads\/2020\/10\/personaje_2015_galeriia_03-150x150.jpg\",\"orientation\":\"landscape\"},\"medium\":{\"height\":200,\"width\":300,\"url\":\"https:\/\/valmoral.org\/site\/wp-content\/uploads\/2020\/10\/personaje_2015_galeriia_03-300x200.jpg\",\"orientation\":\"landscape\"},\"large\":{\"height\":683,\"width\":1024,\"url\":\"https:\/\/valmoral.org\/site\/wp-content\/uploads\/2020\/10\/personaje_2015_galeriia_03-1024x683.jpg\",\"orientation\":\"landscape\"},\"full\":{\"url\":\"https:\/\/valmoral.org\/site\/wp-content\/uploads\/2020\/10\/personaje_2015_galeriia_03.jpg\",\"height\":800,\"width\":1200,\"orientation\":\"landscape\"}},\"meta\":false}],\"itemsMetaDataCollection\":[],\"galleryData\":\"{\\u0022copyRProtection\\u0022:true,\\u0022copyRAlert\\u0022:\\u0022Hello, this photo is mine!\\u0022,\\u0022sliderScrollNavi\\u0022:false,\\u0022sliderNextPrevAnimation\\u0022:\\u0022animation\\u0022,\\u0022galleryScrollPositionControll\\u0022:false,\\u0022sliderItemCounterEnable\\u0022:true,\\u0022sliderCaptionSrc\\u0022:\\u0022caption\\u0022,\\u0022sliderItemTitleEnable\\u0022:false,\\u0022sliderItemTitleFontSize\\u0022:18,\\u0022sliderItemTitleTextColor\\u0022:\\u0022rgba(255,255,255,1)\\u0022,\\u0022itemCounterColor\\u0022:\\u0022rgba(255,255,255,1)\\u0022,\\u0022sliderThumbBarEnable\\u0022:true,\\u0022sliderThumbBarHoverColor\\u0022:\\u0022rgba(240,240,240,1)\\u0022,\\u0022sliderBgColor\\u0022:\\u0022rgba(0,0,0,0.8)\\u0022,\\u0022sliderPreloaderColor\\u0022:\\u0022rgba(240,240,240,1)\\u0022,\\u0022sliderHeaderFooterBgColor\\u0022:\\u0022rgba(0,0,0,0.4)\\u0022,\\u0022sliderNavigationColor\\u0022:\\u0022rgba(0,0,0,1)\\u0022,\\u0022sliderNavigationColorOver\\u0022:\\u0022rgba(255,255,255,1)\\u0022,\\u0022sliderNavigationIconColor\\u0022:\\u0022rgba(255,255,255,1)\\u0022,\\u0022sliderNavigationIconColorOver\\u0022:\\u0022rgba(0,0,0,1)\\u0022,\\u0022sliderSlideshow\\u0022:true,\\u0022sliderSlideshowDelay\\u0022:8,\\u0022slideshowIndicatorColor\\u0022:\\u0022rgba(255,255,255,1)\\u0022,\\u0022slideshowIndicatorColorBg\\u0022:\\u0022rgba(255,255,255,0.5)\\u0022,\\u0022sliderThumbSubMenuBackgroundColor\\u0022:\\u0022rgba(255,255,255,0)\\u0022,\\u0022sliderThumbSubMenuBackgroundColorOver\\u0022:\\u0022rgba(255,255,255,1)\\u0022,\\u0022sliderThumbSubMenuIconColor\\u0022:\\u0022rgba(255,255,255,1)\\u0022,\\u0022sliderThumbSubMenuIconHoverColor\\u0022:\\u0022rgba(0,0,0,1)\\u0022,\\u0022sliderSocialShareEnabled\\u0022:true,\\u0022sliderZoomEnable\\u0022:true,\\u0022sliderFullscreenEnabled\\u0022:true,\\u0022modaBgColor\\u0022:\\u0022rgba(0,0,0,0.8)\\u0022,\\u0022modalIconColor\\u0022:\\u0022rgba(255,255,255,1)\\u0022,\\u0022modalIconColorHover\\u0022:\\u0022rgba(255,255,255,0.8)\\u0022,\\u0022shareFacebook\\u0022:true,\\u0022shareTwitter\\u0022:true,\\u0022sharePinterest\\u0022:true,\\u0022sliderItemDownload\\u0022:true,\\u0022shareCopyLink\\u0022:true,\\u0022deepLinking\\u0022:false,\\u0022useLightbox\\u0022:true,\\u0022lazyLoading\\u0022:true,\\u0022contentNoPadding\\u0022:false,\\u0022galleryPreloaderColor\\u0022:\\u0022rgba(230,230,230,1)\\u0022,\\u0022galleryBgColor\\u0022:\\u0022rgba(0,0,0,0)\\u0022,\\u0022galleryBorderRadius\\u0022:0,\\u0022collectionThumbRecomendedWidth\\u0022:200,\\u0022thumbSpacing\\u0022:5,\\u0022externalLink\\u0022:false,\\u0022externalLinkDefName\\u0022:\\u0022Read More\\u0022,\\u0022externalLinkTextColor\\u0022:\\u0022rgba(0,0,0,1)\\u0022,\\u0022externalLinkBgColor\\u0022:\\u0022rgba(255,255,255,1)\\u0022,\\u0022externalLinkFontSize\\u0022:18,\\u0022captions\\u0022:false,\\u0022captionSrc\\u0022:\\u0022caption\\u0022,\\u0022captionHAlign\\u0022:\\u0022top\\u0022,\\u0022collectionthumbHoverTitleFontSize\\u0022:18,\\u0022collectionthumbRoundedCorners\\u0022:0,\\u0022collectionthumbHoverTitleTextColor\\u0022:\\u0022rgba(255,255,255,1)\\u0022,\\u0022collectionthumbHoverTitleTextBgColor\\u0022:\\u0022rgba(0,0,0,0.8)\\u0022,\\u0022collectionthumbHoverBgColor\\u0022:\\u0022rgba(0,0,0,0.4)\\u0022,\\u0022collectionThumbSubMenuDownload\\u0022:false,\\u0022collectionThumbSubMenuShare\\u0022:false,\\u0022collectionThumbSubMenuBgColor\\u0022:\\u0022rgba(0,0,0,0.4)\\u0022,\\u0022collectionThumbSubMenuBgColorHover\\u0022:\\u0022rgba(255,255,255,1)\\u0022,\\u0022collectionThumbSubMenuIconColor\\u0022:\\u0022rgba(255,255,255,1)\\u0022,\\u0022collectionThumbSubMenuIconColorHover\\u0022:\\u0022rgba(0,0,0,1)\\u0022,\\u0022galleryType\\u0022:\\u0022pgc_sgb_slider\\u0022,\\u0022galleryId\\u0022:\\u002205ec9ed1_1606162982318\\u0022,\\u0022images\\u0022:[{\\u0022id\\u0022:508,\\u0022title\\u0022:\\u0022personaje_2015_galeriia_01\\u0022,\\u0022url\\u0022:\\u0022https:\/\/valmoral.org\/site\/wp-content\/uploads\/2020\/10\/personaje_2015_galeriia_01.jpg\\u0022,\\u0022link\\u0022:\\u0022https:\/\/valmoral.org\/site\/2020\/09\/29\/emilio-salomon-larach-chehade\/personaje_2015_galeriia_01\/\\u0022,\\u0022alt\\u0022:\\u0022\\u0022,\\u0022description\\u0022:\\u0022\\u0022,\\u0022caption\\u0022:\\u0022\\u0022,\\u0022mime\\u0022:\\u0022image\/jpeg\\u0022,\\u0022type\\u0022:\\u0022image\\u0022,\\u0022width\\u0022:1200,\\u0022height\\u0022:800,\\u0022sizes\\u0022:{\\u0022thumbnail\\u0022:{\\u0022height\\u0022:150,\\u0022width\\u0022:150,\\u0022url\\u0022:\\u0022https:\/\/valmoral.org\/site\/wp-content\/uploads\/2020\/10\/personaje_2015_galeriia_01-150x150.jpg\\u0022,\\u0022orientation\\u0022:\\u0022landscape\\u0022},\\u0022medium\\u0022:{\\u0022height\\u0022:200,\\u0022width\\u0022:300,\\u0022url\\u0022:\\u0022https:\/\/valmoral.org\/site\/wp-content\/uploads\/2020\/10\/personaje_2015_galeriia_01-300x200.jpg\\u0022,\\u0022orientation\\u0022:\\u0022landscape\\u0022},\\u0022large\\u0022:{\\u0022height\\u0022:683,\\u0022width\\u0022:1024,\\u0022url\\u0022:\\u0022https:\/\/valmoral.org\/site\/wp-content\/uploads\/2020\/10\/personaje_2015_galeriia_01-1024x683.jpg\\u0022,\\u0022orientation\\u0022:\\u0022landscape\\u0022},\\u0022full\\u0022:{\\u0022url\\u0022:\\u0022https:\/\/valmoral.org\/site\/wp-content\/uploads\/2020\/10\/personaje_2015_galeriia_01.jpg\\u0022,\\u0022height\\u0022:800,\\u0022width\\u0022:1200,\\u0022orientation\\u0022:\\u0022landscape\\u0022}},\\u0022meta\\u0022:false},{\\u0022id\\u0022:509,\\u0022title\\u0022:\\u0022personaje_2015_galeriia_02\\u0022,\\u0022url\\u0022:\\u0022https:\/\/valmoral.org\/site\/wp-content\/uploads\/2020\/10\/personaje_2015_galeriia_02.jpg\\u0022,\\u0022link\\u0022:\\u0022https:\/\/valmoral.org\/site\/2020\/09\/29\/emilio-salomon-larach-chehade\/personaje_2015_galeriia_02\/\\u0022,\\u0022alt\\u0022:\\u0022\\u0022,\\u0022description\\u0022:\\u0022\\u0022,\\u0022caption\\u0022:\\u0022\\u0022,\\u0022mime\\u0022:\\u0022image\/jpeg\\u0022,\\u0022type\\u0022:\\u0022image\\u0022,\\u0022width\\u0022:1200,\\u0022height\\u0022:800,\\u0022sizes\\u0022:{\\u0022thumbnail\\u0022:{\\u0022height\\u0022:150,\\u0022width\\u0022:150,\\u0022url\\u0022:\\u0022https:\/\/valmoral.org\/site\/wp-content\/uploads\/2020\/10\/personaje_2015_galeriia_02-150x150.jpg\\u0022,\\u0022orientation\\u0022:\\u0022landscape\\u0022},\\u0022medium\\u0022:{\\u0022height\\u0022:200,\\u0022width\\u0022:300,\\u0022url\\u0022:\\u0022https:\/\/valmoral.org\/site\/wp-content\/uploads\/2020\/10\/personaje_2015_galeriia_02-300x200.jpg\\u0022,\\u0022orientation\\u0022:\\u0022landscape\\u0022},\\u0022large\\u0022:{\\u0022height\\u0022:683,\\u0022width\\u0022:1024,\\u0022url\\u0022:\\u0022https:\/\/valmoral.org\/site\/wp-content\/uploads\/2020\/10\/personaje_2015_galeriia_02-1024x683.jpg\\u0022,\\u0022orientation\\u0022:\\u0022landscape\\u0022},\\u0022full\\u0022:{\\u0022url\\u0022:\\u0022https:\/\/valmoral.org\/site\/wp-content\/uploads\/2020\/10\/personaje_2015_galeriia_02.jpg\\u0022,\\u0022height\\u0022:800,\\u0022width\\u0022:1200,\\u0022orientation\\u0022:\\u0022landscape\\u0022}},\\u0022meta\\u0022:false},{\\u0022id\\u0022:513,\\u0022title\\u0022:\\u0022personaje_2015_galeriia_06\\u0022,\\u0022url\\u0022:\\u0022https:\/\/valmoral.org\/site\/wp-content\/uploads\/2020\/10\/personaje_2015_galeriia_06.jpg\\u0022,\\u0022link\\u0022:\\u0022https:\/\/valmoral.org\/site\/2020\/09\/29\/emilio-salomon-larach-chehade\/personaje_2015_galeriia_06\/\\u0022,\\u0022alt\\u0022:\\u0022\\u0022,\\u0022description\\u0022:\\u0022\\u0022,\\u0022caption\\u0022:\\u0022\\u0022,\\u0022mime\\u0022:\\u0022image\/jpeg\\u0022,\\u0022type\\u0022:\\u0022image\\u0022,\\u0022width\\u0022:800,\\u0022height\\u0022:1200,\\u0022sizes\\u0022:{\\u0022thumbnail\\u0022:{\\u0022height\\u0022:150,\\u0022width\\u0022:150,\\u0022url\\u0022:\\u0022https:\/\/valmoral.org\/site\/wp-content\/uploads\/2020\/10\/personaje_2015_galeriia_06-150x150.jpg\\u0022,\\u0022orientation\\u0022:\\u0022landscape\\u0022},\\u0022medium\\u0022:{\\u0022height\\u0022:300,\\u0022width\\u0022:200,\\u0022url\\u0022:\\u0022https:\/\/valmoral.org\/site\/wp-content\/uploads\/2020\/10\/personaje_2015_galeriia_06-200x300.jpg\\u0022,\\u0022orientation\\u0022:\\u0022portrait\\u0022},\\u0022large\\u0022:{\\u0022height\\u0022:1024,\\u0022width\\u0022:683,\\u0022url\\u0022:\\u0022https:\/\/valmoral.org\/site\/wp-content\/uploads\/2020\/10\/personaje_2015_galeriia_06-683x1024.jpg\\u0022,\\u0022orientation\\u0022:\\u0022portrait\\u0022},\\u0022full\\u0022:{\\u0022url\\u0022:\\u0022https:\/\/valmoral.org\/site\/wp-content\/uploads\/2020\/10\/personaje_2015_galeriia_06.jpg\\u0022,\\u0022height\\u0022:1200,\\u0022width\\u0022:800,\\u0022orientation\\u0022:\\u0022portrait\\u0022}},\\u0022meta\\u0022:false},{\\u0022id\\u0022:511,\\u0022title\\u0022:\\u0022personaje_2015_galeriia_04\\u0022,\\u0022url\\u0022:\\u0022https:\/\/valmoral.org\/site\/wp-content\/uploads\/2020\/10\/personaje_2015_galeriia_04.jpg\\u0022,\\u0022link\\u0022:\\u0022https:\/\/valmoral.org\/site\/2020\/09\/29\/emilio-salomon-larach-chehade\/personaje_2015_galeriia_04\/\\u0022,\\u0022alt\\u0022:\\u0022\\u0022,\\u0022description\\u0022:\\u0022\\u0022,\\u0022caption\\u0022:\\u0022\\u0022,\\u0022mime\\u0022:\\u0022image\/jpeg\\u0022,\\u0022type\\u0022:\\u0022image\\u0022,\\u0022width\\u0022:800,\\u0022height\\u0022:1200,\\u0022sizes\\u0022:{\\u0022thumbnail\\u0022:{\\u0022height\\u0022:150,\\u0022width\\u0022:150,\\u0022url\\u0022:\\u0022https:\/\/valmoral.org\/site\/wp-content\/uploads\/2020\/10\/personaje_2015_galeriia_04-150x150.jpg\\u0022,\\u0022orientation\\u0022:\\u0022landscape\\u0022},\\u0022medium\\u0022:{\\u0022height\\u0022:300,\\u0022width\\u0022:200,\\u0022url\\u0022:\\u0022https:\/\/valmoral.org\/site\/wp-content\/uploads\/2020\/10\/personaje_2015_galeriia_04-200x300.jpg\\u0022,\\u0022orientation\\u0022:\\u0022portrait\\u0022},\\u0022large\\u0022:{\\u0022height\\u0022:1024,\\u0022width\\u0022:683,\\u0022url\\u0022:\\u0022https:\/\/valmoral.org\/site\/wp-content\/uploads\/2020\/10\/personaje_2015_galeriia_04-683x1024.jpg\\u0022,\\u0022orientation\\u0022:\\u0022portrait\\u0022},\\u0022full\\u0022:{\\u0022url\\u0022:\\u0022https:\/\/valmoral.org\/site\/wp-content\/uploads\/2020\/10\/personaje_2015_galeriia_04.jpg\\u0022,\\u0022height\\u0022:1200,\\u0022width\\u0022:800,\\u0022orientation\\u0022:\\u0022portrait\\u0022}},\\u0022meta\\u0022:false},{\\u0022id\\u0022:512,\\u0022title\\u0022:\\u0022personaje_2015_galeriia_05\\u0022,\\u0022url\\u0022:\\u0022https:\/\/valmoral.org\/site\/wp-content\/uploads\/2020\/10\/personaje_2015_galeriia_05.jpg\\u0022,\\u0022link\\u0022:\\u0022https:\/\/valmoral.org\/site\/2020\/09\/29\/emilio-salomon-larach-chehade\/personaje_2015_galeriia_05\/\\u0022,\\u0022alt\\u0022:\\u0022\\u0022,\\u0022description\\u0022:\\u0022\\u0022,\\u0022caption\\u0022:\\u0022\\u0022,\\u0022mime\\u0022:\\u0022image\/jpeg\\u0022,\\u0022type\\u0022:\\u0022image\\u0022,\\u0022width\\u0022:1200,\\u0022height\\u0022:800,\\u0022sizes\\u0022:{\\u0022thumbnail\\u0022:{\\u0022height\\u0022:150,\\u0022width\\u0022:150,\\u0022url\\u0022:\\u0022https:\/\/valmoral.org\/site\/wp-content\/uploads\/2020\/10\/personaje_2015_galeriia_05-150x150.jpg\\u0022,\\u0022orientation\\u0022:\\u0022landscape\\u0022},\\u0022medium\\u0022:{\\u0022height\\u0022:200,\\u0022width\\u0022:300,\\u0022url\\u0022:\\u0022https:\/\/valmoral.org\/site\/wp-content\/uploads\/2020\/10\/personaje_2015_galeriia_05-300x200.jpg\\u0022,\\u0022orientation\\u0022:\\u0022landscape\\u0022},\\u0022large\\u0022:{\\u0022height\\u0022:683,\\u0022width\\u0022:1024,\\u0022url\\u0022:\\u0022https:\/\/valmoral.org\/site\/wp-content\/uploads\/2020\/10\/personaje_2015_galeriia_05-1024x683.jpg\\u0022,\\u0022orientation\\u0022:\\u0022landscape\\u0022},\\u0022full\\u0022:{\\u0022url\\u0022:\\u0022https:\/\/valmoral.org\/site\/wp-content\/uploads\/2020\/10\/personaje_2015_galeriia_05.jpg\\u0022,\\u0022height\\u0022:800,\\u0022width\\u0022:1200,\\u0022orientation\\u0022:\\u0022landscape\\u0022}},\\u0022meta\\u0022:false},{\\u0022id\\u0022:510,\\u0022title\\u0022:\\u0022personaje_2015_galeriia_03\\u0022,\\u0022url\\u0022:\\u0022https:\/\/valmoral.org\/site\/wp-content\/uploads\/2020\/10\/personaje_2015_galeriia_03.jpg\\u0022,\\u0022link\\u0022:\\u0022https:\/\/valmoral.org\/site\/2020\/09\/29\/emilio-salomon-larach-chehade\/personaje_2015_galeriia_03\/\\u0022,\\u0022alt\\u0022:\\u0022\\u0022,\\u0022description\\u0022:\\u0022\\u0022,\\u0022caption\\u0022:\\u0022\\u0022,\\u0022mime\\u0022:\\u0022image\/jpeg\\u0022,\\u0022type\\u0022:\\u0022image\\u0022,\\u0022width\\u0022:1200,\\u0022height\\u0022:800,\\u0022sizes\\u0022:{\\u0022thumbnail\\u0022:{\\u0022height\\u0022:150,\\u0022width\\u0022:150,\\u0022url\\u0022:\\u0022https:\/\/valmoral.org\/site\/wp-content\/uploads\/2020\/10\/personaje_2015_galeriia_03-150x150.jpg\\u0022,\\u0022orientation\\u0022:\\u0022landscape\\u0022},\\u0022medium\\u0022:{\\u0022height\\u0022:200,\\u0022width\\u0022:300,\\u0022url\\u0022:\\u0022https:\/\/valmoral.org\/site\/wp-content\/uploads\/2020\/10\/personaje_2015_galeriia_03-300x200.jpg\\u0022,\\u0022orientation\\u0022:\\u0022landscape\\u0022},\\u0022large\\u0022:{\\u0022height\\u0022:683,\\u0022width\\u0022:1024,\\u0022url\\u0022:\\u0022https:\/\/valmoral.org\/site\/wp-content\/uploads\/2020\/10\/personaje_2015_galeriia_03-1024x683.jpg\\u0022,\\u0022orientation\\u0022:\\u0022landscape\\u0022},\\u0022full\\u0022:{\\u0022url\\u0022:\\u0022https:\/\/valmoral.org\/site\/wp-content\/uploads\/2020\/10\/personaje_2015_galeriia_03.jpg\\u0022,\\u0022height\\u0022:800,\\u0022width\\u0022:1200,\\u0022orientation\\u0022:\\u0022landscape\\u0022}},\\u0022meta\\u0022:false}],\\u0022itemsMetaDataCollection\\u0022:[],\\u0022useClobalSettings\\u0022:false,\\u0022orderBy\\u0022:\\u0022custom\\u0022,\\u0022sliderMaxHeight\\u0022:260,\\u0022sliderAdminWidth\\u0022:580,\\u0022responsiveHeight\\u0022:true,\\u0022collectionColumns\\u0022:3,\\u0022sliderAnimation\\u0022:\\u0022animation\\u0022,\\u0022sliderNextPrevNavigation\\u0022:true,\\u0022sliderNextPrevBgColor\\u0022:\\u0022rgba(255,255,255,1)\\u0022,\\u0022sliderNextPrevBgColorHover\\u0022:\\u0022rgba(0,0,0,1)\\u0022,\\u0022sliderNextPrevIconColor\\u0022:\\u0022rgba(0,0,0,1)\\u0022,\\u0022sliderNextPrevIconColorHover\\u0022:\\u0022rgba(255,255,255,1)\\u0022,\\u0022sliderThumbsNavi\\u0022:false,\\u0022sliderThumbsNaviColor\\u0022:\\u0022rgba(255,255,255,1)\\u0022,\\u0022sliderDotNavi\\u0022:true,\\u0022sliderDotNaviBgColor\\u0022:\\u0022rgba(0,0,0,.4)\\u0022,\\u0022sliderDotNaviBgColorHover\\u0022:\\u0022rgba(255,255,255,1)\\u0022,\\u0022autoPlay\\u0022:true,\\u0022autoPlayDelay\\u0022:4,\\u0022autoPlayMouseStoper\\u0022:true}\",\"sliderMaxHeight\":260,\"sliderAdminWidth\":580,\"responsiveHeight\":true,\"sliderThumbsNavi\":false,\"sliderDotNavi\":true,\"autoPlay\":true,\"advgbBlockControls\":[],\"openPopupId\":\"\"}<\/script><script>(function(){if(window.PGC_SGB && window.PGC_SGB.searcher){window.PGC_SGB.searcher.initBlocks()}})()<\/script><\/div>","protected":false},"excerpt":{"rendered":"<p>Si tomas responsabilidad por ti mismo, desarrollar\u00e1s un hambre para conseguir tus sue\u00f1os.<\/p>\n","protected":false},"author":2,"featured_media":484,"comment_status":"open","ping_status":"closed","sticky":false,"template":"","format":"standard","meta":{"inline_featured_image":false,"advgb_blocks_editor_width":"","advgb_blocks_columns_visual_guide":"","pgc_sgb_lightbox_settings":"","footnotes":""},"categories":[4],"tags":[],"class_list":["post-348","post","type-post","status-publish","format-standard","has-post-thumbnail","hentry","category-personajes-valmoral"],"author_meta":{"display_name":"admin","author_link":"https:\/\/valmoral.org\/site\/author\/admin\/"},"featured_img":"https:\/\/valmoral.org\/site\/wp-content\/uploads\/2020\/09\/img_personajes_03-300x169.jpg","coauthors":[],"tax_additional":{"categories":{"linked":["<a href=\"https:\/\/valmoral.org\/site\/category\/personajes-valmoral\/\" class=\"advgb-post-tax-term\">Personajes Valmoral<\/a>"],"unlinked":["<span class=\"advgb-post-tax-term\">Personajes Valmoral<\/span>"]}},"comment_count":"0","relative_dates":{"created":"Publicado 6 a\u00f1os hace","modified":"Actualizado 5 a\u00f1os hace"},"absolute_dates":{"created":"Publicado el 29 de septiembre de 2020","modified":"Actualizado el 23 de noviembre de 2020"},"absolute_dates_time":{"created":"Publicado el 29 de septiembre de 2020 03:44","modified":"Actualizado el 23 de noviembre de 2020 20:23"},"featured_img_caption":"","series_order":"","_links":{"self":[{"href":"https:\/\/valmoral.org\/site\/wp-json\/wp\/v2\/posts\/348","targetHints":{"allow":["GET"]}}],"collection":[{"href":"https:\/\/valmoral.org\/site\/wp-json\/wp\/v2\/posts"}],"about":[{"href":"https:\/\/valmoral.org\/site\/wp-json\/wp\/v2\/types\/post"}],"author":[{"embeddable":true,"href":"https:\/\/valmoral.org\/site\/wp-json\/wp\/v2\/users\/2"}],"replies":[{"embeddable":true,"href":"https:\/\/valmoral.org\/site\/wp-json\/wp\/v2\/comments?post=348"}],"version-history":[{"count":18,"href":"https:\/\/valmoral.org\/site\/wp-json\/wp\/v2\/posts\/348\/revisions"}],"predecessor-version":[{"id":1998,"href":"https:\/\/valmoral.org\/site\/wp-json\/wp\/v2\/posts\/348\/revisions\/1998"}],"wp:featuredmedia":[{"embeddable":true,"href":"https:\/\/valmoral.org\/site\/wp-json\/wp\/v2\/media\/484"}],"wp:attachment":[{"href":"https:\/\/valmoral.org\/site\/wp-json\/wp\/v2\/media?parent=348"}],"wp:term":[{"taxonomy":"category","embeddable":true,"href":"https:\/\/valmoral.org\/site\/wp-json\/wp\/v2\/categories?post=348"},{"taxonomy":"post_tag","embeddable":true,"href":"https:\/\/valmoral.org\/site\/wp-json\/wp\/v2\/tags?post=348"}],"curies":[{"name":"wp","href":"https:\/\/api.w.org\/{rel}","templated":true}]}}