{"id":364,"date":"2020-09-29T03:55:39","date_gmt":"2020-09-29T03:55:39","guid":{"rendered":"http:\/\/www.valmoral.org\/site\/?p=364"},"modified":"2023-04-21T16:18:12","modified_gmt":"2023-04-21T16:18:12","slug":"alberto-diaz-lobo","status":"publish","type":"post","link":"https:\/\/valmoral.org\/site\/2020\/09\/29\/alberto-diaz-lobo\/","title":{"rendered":"Alberto D\u00edaz Lobo"},"content":{"rendered":"\n<h2 class=\"wp-block-heading has-large-font-size advgb-dyn-d9d40439\">Personaje Valmoral 2019<\/h2>\n\n\n\n<h3 class=\"wp-block-heading has-medium-font-size advgb-dyn-699f0f76\">Valor reconocido: <strong>RESPETO<\/strong><\/h3>\n\n\n\n<p>Respetar es la acci\u00f3n de tomar la regla de oro (Trata a los dem\u00e1s como te gustar\u00eda ser tratado), acogerla en la vida personal y ponerla en pr\u00e1ctica en todos los ambientes y situaciones en las cuales nos podamos encontrar. El respeto implica reconocer primero la dignidad propia y luego la dignidad que tiene cada persona por el simple hecho de ser humano.<\/p>\n\n\n\n<h3 class=\"wp-block-heading has-medium-font-size advgb-dyn-d03972ef\">Nota de Prensa<\/h3>\n\n\n\n<p>Fundador de Grupo Eterna, uno de los m\u00e1s prestigiosos y reconocidos grupos empresariales de Honduras. Vicepresidente de Honduras durante el periodo del presidente Ricardo Maduro (2002- 2006). Durante su gesti\u00f3n dirigi\u00f3 instituciones gubernamentales como la Comisi\u00f3n Ejecutiva del Valle de Sula, organismo que est\u00e1 a cargo del constante monitoreo y protecci\u00f3n contra inundaciones. Adem\u00e1s, es miembro fundador del Colegio de Ingenieros Civiles de Honduras, miembro fundador y director de FUNADEH, CEHDES y FUNDAHRSE. Tanto en el \u00e1rea empresarial, como de servidor p\u00fablico, Alberto Diaz Lobo ha desempe\u00f1ado un papel ejemplar donde nunca perdido su recta visi\u00f3n de engrandecer a Honduras.<\/p>\n\n\n\n<div class=\"wp-block-buttons is-layout-flex wp-block-buttons-is-layout-flex\">\n<div class=\"wp-block-button advgb-dyn-fc770f99\"><a class=\"wp-block-button__link has-background wp-element-button\" href=\"https:\/\/valmoral.org\/site\/wp-content\/uploads\/2020\/09\/hoja_de_vida_personaje_valmoral_2019.pdf\" style=\"border-radius:5px;background-color:#2182c5\" target=\"_blank\" rel=\"noreferrer noopener\">Descargar Hoja de Vida<\/a><\/div>\n<\/div>\n\n\n\n<hr class=\"wp-block-separator has-css-opacity advgb-dyn-c3f4f0ad\"\/>\n\n\n\n<iframe style=\"width:100%;max-width:100%;height:600px\" src=\"http:\/\/online.fliphtml5.com\/kvoz\/qubw\/\" class=\"\" frameborder=\"0\" allowfullscreen><\/iframe>\n\n\n\n<hr class=\"wp-block-separator has-css-opacity advgb-dyn-c3f4f0ad\"\/>\n\n\n\n<figure class=\"wp-block-embed is-type-video is-provider-youtube wp-block-embed-youtube wp-embed-aspect-16-9 wp-has-aspect-ratio\"><div class=\"wp-block-embed__wrapper\">\n<iframe loading=\"lazy\" title=\"Al rescate de los valores y la moral.\" width=\"1170\" height=\"658\" src=\"https:\/\/www.youtube.com\/embed\/4OyqdsBkoJ0?list=PLQLCRDifB-I4NZbFwGOWOU-hZtRhfGSG8\" frameborder=\"0\" allow=\"accelerometer; autoplay; clipboard-write; encrypted-media; gyroscope; picture-in-picture; web-share\" allowfullscreen><\/iframe>\n<\/div><\/figure>\n\n\n\n<hr class=\"wp-block-separator has-css-opacity advgb-dyn-c3f4f0ad\"\/>\n\n\n<div class=\"pgc-sgb-cb wp-block-pgcsimplygalleryblock-slider \" data-gallery-id=\"9c925c55_1606162026563\"style=&quot;min-height:260px&quot;><div class=\"sgb-preloader\" id=\"pr_9c925c55_1606162026563\">\n\t<div class=\"sgb-square\" style=\"background:#d4d4d4\"><\/div>\n\t<div class=\"sgb-square\" style=\"background:#d4d4d4\"><\/div>\n\t<div class=\"sgb-square\" style=\"background:#d4d4d4\"><\/div>\n\t<div class=\"sgb-square\" style=\"background:#d4d4d4\"><\/div><\/div><div class=\"simply-gallery-amp pgc_sgb_slider \"><noscript><div class=\"sgb-gallery\"><div class=\"sgb-item\"><a href=\"https:\/\/valmoral.org\/site\/2020\/09\/29\/alberto-diaz-lobo\/personaje_2019_galeriia_69\/\" target=\"_blank\"><img decoding=\"async\" alt=\"\" width=\"300\" height=\"200\" loading=\"lazy\" src=\"https:\/\/valmoral.org\/site\/wp-content\/uploads\/2020\/10\/personaje_2019_galeriia_69-300x200.jpg\" srcset=\"https:\/\/valmoral.org\/site\/wp-content\/uploads\/2020\/10\/personaje_2019_galeriia_69-300x200.jpg 300w,https:\/\/valmoral.org\/site\/wp-content\/uploads\/2020\/10\/personaje_2019_galeriia_69-1024x683.jpg 1024w,https:\/\/valmoral.org\/site\/wp-content\/uploads\/2020\/10\/personaje_2019_galeriia_69.jpg 1200w\" sizes=\"auto, 250px\"\/><\/a><\/div><div class=\"sgb-item\"><a href=\"https:\/\/valmoral.org\/site\/2020\/09\/29\/alberto-diaz-lobo\/personaje_2019_galeriia_72\/\" target=\"_blank\"><img decoding=\"async\" alt=\"\" width=\"300\" height=\"200\" loading=\"lazy\" src=\"https:\/\/valmoral.org\/site\/wp-content\/uploads\/2020\/10\/personaje_2019_galeriia_72-300x200.jpg\" srcset=\"https:\/\/valmoral.org\/site\/wp-content\/uploads\/2020\/10\/personaje_2019_galeriia_72-300x200.jpg 300w,https:\/\/valmoral.org\/site\/wp-content\/uploads\/2020\/10\/personaje_2019_galeriia_72-1024x683.jpg 1024w,https:\/\/valmoral.org\/site\/wp-content\/uploads\/2020\/10\/personaje_2019_galeriia_72.jpg 1200w\" sizes=\"auto, 250px\"\/><\/a><\/div><div class=\"sgb-item\"><a href=\"https:\/\/valmoral.org\/site\/2020\/09\/29\/alberto-diaz-lobo\/personaje_2019_galeriia_68\/\" target=\"_blank\"><img decoding=\"async\" alt=\"\" width=\"300\" height=\"200\" loading=\"lazy\" src=\"https:\/\/valmoral.org\/site\/wp-content\/uploads\/2020\/10\/personaje_2019_galeriia_68-300x200.jpg\" srcset=\"https:\/\/valmoral.org\/site\/wp-content\/uploads\/2020\/10\/personaje_2019_galeriia_68-300x200.jpg 300w,https:\/\/valmoral.org\/site\/wp-content\/uploads\/2020\/10\/personaje_2019_galeriia_68-1024x683.jpg 1024w,https:\/\/valmoral.org\/site\/wp-content\/uploads\/2020\/10\/personaje_2019_galeriia_68.jpg 1200w\" sizes=\"auto, 250px\"\/><\/a><\/div><div class=\"sgb-item\"><a href=\"https:\/\/valmoral.org\/site\/2020\/09\/29\/alberto-diaz-lobo\/personaje_2019_galeriia_59\/\" target=\"_blank\"><img decoding=\"async\" alt=\"\" width=\"300\" height=\"200\" loading=\"lazy\" src=\"https:\/\/valmoral.org\/site\/wp-content\/uploads\/2020\/10\/personaje_2019_galeriia_59-300x200.jpg\" srcset=\"https:\/\/valmoral.org\/site\/wp-content\/uploads\/2020\/10\/personaje_2019_galeriia_59-300x200.jpg 300w,https:\/\/valmoral.org\/site\/wp-content\/uploads\/2020\/10\/personaje_2019_galeriia_59-1024x683.jpg 1024w,https:\/\/valmoral.org\/site\/wp-content\/uploads\/2020\/10\/personaje_2019_galeriia_59.jpg 1200w\" sizes=\"auto, 250px\"\/><\/a><\/div><div class=\"sgb-item\"><a href=\"https:\/\/valmoral.org\/site\/2020\/09\/29\/alberto-diaz-lobo\/personaje_2019_galeriia_56\/\" target=\"_blank\"><img decoding=\"async\" alt=\"\" width=\"300\" height=\"200\" loading=\"lazy\" src=\"https:\/\/valmoral.org\/site\/wp-content\/uploads\/2020\/10\/personaje_2019_galeriia_56-300x200.jpg\" srcset=\"https:\/\/valmoral.org\/site\/wp-content\/uploads\/2020\/10\/personaje_2019_galeriia_56-300x200.jpg 300w,https:\/\/valmoral.org\/site\/wp-content\/uploads\/2020\/10\/personaje_2019_galeriia_56-1024x683.jpg 1024w,https:\/\/valmoral.org\/site\/wp-content\/uploads\/2020\/10\/personaje_2019_galeriia_56.jpg 1200w\" sizes=\"auto, 250px\"\/><\/a><\/div><div class=\"sgb-item\"><a href=\"https:\/\/valmoral.org\/site\/2020\/09\/29\/alberto-diaz-lobo\/personaje_2019_galeriia_55\/\" target=\"_blank\"><img decoding=\"async\" alt=\"\" width=\"300\" height=\"200\" loading=\"lazy\" src=\"https:\/\/valmoral.org\/site\/wp-content\/uploads\/2020\/10\/personaje_2019_galeriia_55-300x200.jpg\" srcset=\"https:\/\/valmoral.org\/site\/wp-content\/uploads\/2020\/10\/personaje_2019_galeriia_55-300x200.jpg 300w,https:\/\/valmoral.org\/site\/wp-content\/uploads\/2020\/10\/personaje_2019_galeriia_55-1024x683.jpg 1024w,https:\/\/valmoral.org\/site\/wp-content\/uploads\/2020\/10\/personaje_2019_galeriia_55.jpg 1200w\" sizes=\"auto, 250px\"\/><\/a><\/div><div class=\"sgb-item\"><a href=\"https:\/\/valmoral.org\/site\/2020\/09\/29\/alberto-diaz-lobo\/personaje_2019_galeriia_54\/\" target=\"_blank\"><img decoding=\"async\" alt=\"\" width=\"300\" height=\"200\" loading=\"lazy\" src=\"https:\/\/valmoral.org\/site\/wp-content\/uploads\/2020\/10\/personaje_2019_galeriia_54-300x200.jpg\" srcset=\"https:\/\/valmoral.org\/site\/wp-content\/uploads\/2020\/10\/personaje_2019_galeriia_54-300x200.jpg 300w,https:\/\/valmoral.org\/site\/wp-content\/uploads\/2020\/10\/personaje_2019_galeriia_54-1024x683.jpg 1024w,https:\/\/valmoral.org\/site\/wp-content\/uploads\/2020\/10\/personaje_2019_galeriia_54.jpg 1200w\" sizes=\"auto, 250px\"\/><\/a><\/div><div class=\"sgb-item\"><a href=\"https:\/\/valmoral.org\/site\/2020\/09\/29\/alberto-diaz-lobo\/personaje_2019_galeriia_44\/\" target=\"_blank\"><img decoding=\"async\" alt=\"\" width=\"300\" height=\"200\" loading=\"lazy\" src=\"https:\/\/valmoral.org\/site\/wp-content\/uploads\/2020\/10\/personaje_2019_galeriia_44-300x200.jpg\" srcset=\"https:\/\/valmoral.org\/site\/wp-content\/uploads\/2020\/10\/personaje_2019_galeriia_44-300x200.jpg 300w,https:\/\/valmoral.org\/site\/wp-content\/uploads\/2020\/10\/personaje_2019_galeriia_44-1024x683.jpg 1024w,https:\/\/valmoral.org\/site\/wp-content\/uploads\/2020\/10\/personaje_2019_galeriia_44.jpg 1200w\" sizes=\"auto, 250px\"\/><\/a><\/div><div class=\"sgb-item\"><a href=\"https:\/\/valmoral.org\/site\/2020\/09\/29\/alberto-diaz-lobo\/personaje_2019_galeriia_39\/\" target=\"_blank\"><img decoding=\"async\" alt=\"\" width=\"300\" height=\"200\" loading=\"lazy\" src=\"https:\/\/valmoral.org\/site\/wp-content\/uploads\/2020\/10\/personaje_2019_galeriia_39-300x200.jpg\" srcset=\"https:\/\/valmoral.org\/site\/wp-content\/uploads\/2020\/10\/personaje_2019_galeriia_39-300x200.jpg 300w,https:\/\/valmoral.org\/site\/wp-content\/uploads\/2020\/10\/personaje_2019_galeriia_39-1024x683.jpg 1024w,https:\/\/valmoral.org\/site\/wp-content\/uploads\/2020\/10\/personaje_2019_galeriia_39.jpg 1200w\" sizes=\"auto, 250px\"\/><\/a><\/div><div class=\"sgb-item\"><a href=\"https:\/\/valmoral.org\/site\/2020\/09\/29\/alberto-diaz-lobo\/personaje_2019_galeriia_34\/\" target=\"_blank\"><img decoding=\"async\" alt=\"\" width=\"300\" height=\"200\" loading=\"lazy\" src=\"https:\/\/valmoral.org\/site\/wp-content\/uploads\/2020\/10\/personaje_2019_galeriia_34-300x200.jpg\" srcset=\"https:\/\/valmoral.org\/site\/wp-content\/uploads\/2020\/10\/personaje_2019_galeriia_34-300x200.jpg 300w,https:\/\/valmoral.org\/site\/wp-content\/uploads\/2020\/10\/personaje_2019_galeriia_34-1024x683.jpg 1024w,https:\/\/valmoral.org\/site\/wp-content\/uploads\/2020\/10\/personaje_2019_galeriia_34.jpg 1200w\" sizes=\"auto, 250px\"\/><\/a><\/div><div class=\"sgb-item\"><a href=\"https:\/\/valmoral.org\/site\/2020\/09\/29\/alberto-diaz-lobo\/personaje_2019_galeriia_33\/\" target=\"_blank\"><img decoding=\"async\" alt=\"\" width=\"300\" height=\"200\" loading=\"lazy\" src=\"https:\/\/valmoral.org\/site\/wp-content\/uploads\/2020\/10\/personaje_2019_galeriia_33-300x200.jpg\" srcset=\"https:\/\/valmoral.org\/site\/wp-content\/uploads\/2020\/10\/personaje_2019_galeriia_33-300x200.jpg 300w,https:\/\/valmoral.org\/site\/wp-content\/uploads\/2020\/10\/personaje_2019_galeriia_33-1024x683.jpg 1024w,https:\/\/valmoral.org\/site\/wp-content\/uploads\/2020\/10\/personaje_2019_galeriia_33.jpg 1200w\" sizes=\"auto, 250px\"\/><\/a><\/div><div class=\"sgb-item\"><a href=\"https:\/\/valmoral.org\/site\/2020\/09\/29\/alberto-diaz-lobo\/personaje_2019_galeriia_20\/\" target=\"_blank\"><img decoding=\"async\" alt=\"\" width=\"300\" height=\"200\" loading=\"lazy\" src=\"https:\/\/valmoral.org\/site\/wp-content\/uploads\/2020\/10\/personaje_2019_galeriia_20-300x200.jpg\" srcset=\"https:\/\/valmoral.org\/site\/wp-content\/uploads\/2020\/10\/personaje_2019_galeriia_20-300x200.jpg 300w,https:\/\/valmoral.org\/site\/wp-content\/uploads\/2020\/10\/personaje_2019_galeriia_20-1024x683.jpg 1024w,https:\/\/valmoral.org\/site\/wp-content\/uploads\/2020\/10\/personaje_2019_galeriia_20.jpg 1200w\" sizes=\"auto, 250px\"\/><\/a><\/div><div class=\"sgb-item\"><a href=\"https:\/\/valmoral.org\/site\/2020\/09\/29\/alberto-diaz-lobo\/personaje_2019_galeriia_17\/\" target=\"_blank\"><img decoding=\"async\" alt=\"\" width=\"300\" height=\"200\" loading=\"lazy\" src=\"https:\/\/valmoral.org\/site\/wp-content\/uploads\/2020\/10\/personaje_2019_galeriia_17-300x200.jpg\" srcset=\"https:\/\/valmoral.org\/site\/wp-content\/uploads\/2020\/10\/personaje_2019_galeriia_17-300x200.jpg 300w,https:\/\/valmoral.org\/site\/wp-content\/uploads\/2020\/10\/personaje_2019_galeriia_17-1024x683.jpg 1024w,https:\/\/valmoral.org\/site\/wp-content\/uploads\/2020\/10\/personaje_2019_galeriia_17.jpg 1200w\" sizes=\"auto, 250px\"\/><\/a><\/div><div class=\"sgb-item\"><a href=\"https:\/\/valmoral.org\/site\/2020\/09\/29\/alberto-diaz-lobo\/personaje_2019_galeriia_09\/\" target=\"_blank\"><img decoding=\"async\" alt=\"\" width=\"300\" height=\"200\" loading=\"lazy\" src=\"https:\/\/valmoral.org\/site\/wp-content\/uploads\/2020\/10\/personaje_2019_galeriia_09-300x200.jpg\" srcset=\"https:\/\/valmoral.org\/site\/wp-content\/uploads\/2020\/10\/personaje_2019_galeriia_09-300x200.jpg 300w,https:\/\/valmoral.org\/site\/wp-content\/uploads\/2020\/10\/personaje_2019_galeriia_09-1024x683.jpg 1024w,https:\/\/valmoral.org\/site\/wp-content\/uploads\/2020\/10\/personaje_2019_galeriia_09.jpg 1200w\" sizes=\"auto, 250px\"\/><\/a><\/div><div class=\"sgb-item\"><a href=\"https:\/\/valmoral.org\/site\/2020\/09\/29\/alberto-diaz-lobo\/personaje_2019_galeriia_06\/\" target=\"_blank\"><img decoding=\"async\" alt=\"\" width=\"300\" height=\"200\" loading=\"lazy\" src=\"https:\/\/valmoral.org\/site\/wp-content\/uploads\/2020\/10\/personaje_2019_galeriia_06-300x200.jpg\" srcset=\"https:\/\/valmoral.org\/site\/wp-content\/uploads\/2020\/10\/personaje_2019_galeriia_06-300x200.jpg 300w,https:\/\/valmoral.org\/site\/wp-content\/uploads\/2020\/10\/personaje_2019_galeriia_06-1024x683.jpg 1024w,https:\/\/valmoral.org\/site\/wp-content\/uploads\/2020\/10\/personaje_2019_galeriia_06.jpg 1200w\" sizes=\"auto, 250px\"\/><\/a><\/div><div class=\"sgb-item\"><a href=\"https:\/\/valmoral.org\/site\/2020\/09\/29\/alberto-diaz-lobo\/personaje_2019_galeriia_03\/\" target=\"_blank\"><img decoding=\"async\" alt=\"\" width=\"300\" height=\"200\" loading=\"lazy\" src=\"https:\/\/valmoral.org\/site\/wp-content\/uploads\/2020\/10\/personaje_2019_galeriia_03-300x200.jpg\" srcset=\"https:\/\/valmoral.org\/site\/wp-content\/uploads\/2020\/10\/personaje_2019_galeriia_03-300x200.jpg 300w,https:\/\/valmoral.org\/site\/wp-content\/uploads\/2020\/10\/personaje_2019_galeriia_03-1024x683.jpg 1024w,https:\/\/valmoral.org\/site\/wp-content\/uploads\/2020\/10\/personaje_2019_galeriia_03.jpg 1200w\" sizes=\"auto, 250px\"\/><\/a><\/div><\/div><\/noscript><\/div><script type=\"application\/json\" class=\"sgb-data\">{\"externalLink\":false,\"captions\":false,\"collectionThumbSubMenuDownload\":false,\"collectionThumbSubMenuShare\":false,\"sliderMaxHeight\":260,\"sliderAdminWidth\":840,\"responsiveHeight\":true,\"sliderAnimation\":\"fade\",\"sliderThumbsNavi\":false,\"sliderDotNavi\":true,\"autoPlay\":true,\"galleryType\":\"pgc_sgb_slider\",\"galleryId\":\"9c925c55_1606162026563\",\"images\":[{\"id\":580,\"title\":\"personaje_2019_galeriia_69\",\"url\":\"https:\/\/valmoral.org\/site\/wp-content\/uploads\/2020\/10\/personaje_2019_galeriia_69.jpg\",\"link\":\"https:\/\/valmoral.org\/site\/2020\/09\/29\/alberto-diaz-lobo\/personaje_2019_galeriia_69\/\",\"alt\":\"\",\"description\":\"\",\"caption\":\"\",\"mime\":\"image\/jpeg\",\"type\":\"image\",\"width\":1200,\"height\":800,\"sizes\":{\"thumbnail\":{\"height\":150,\"width\":150,\"url\":\"https:\/\/valmoral.org\/site\/wp-content\/uploads\/2020\/10\/personaje_2019_galeriia_69-150x150.jpg\",\"orientation\":\"landscape\"},\"medium\":{\"height\":200,\"width\":300,\"url\":\"https:\/\/valmoral.org\/site\/wp-content\/uploads\/2020\/10\/personaje_2019_galeriia_69-300x200.jpg\",\"orientation\":\"landscape\"},\"large\":{\"height\":683,\"width\":1024,\"url\":\"https:\/\/valmoral.org\/site\/wp-content\/uploads\/2020\/10\/personaje_2019_galeriia_69-1024x683.jpg\",\"orientation\":\"landscape\"},\"full\":{\"url\":\"https:\/\/valmoral.org\/site\/wp-content\/uploads\/2020\/10\/personaje_2019_galeriia_69.jpg\",\"height\":800,\"width\":1200,\"orientation\":\"landscape\"}},\"meta\":false,\"postlink\":\"https:\/\/valmoral.org\/site\/2020\/09\/29\/alberto-diaz-lobo\/personaje_2019_galeriia_69\/\"},{\"id\":581,\"title\":\"personaje_2019_galeriia_72\",\"url\":\"https:\/\/valmoral.org\/site\/wp-content\/uploads\/2020\/10\/personaje_2019_galeriia_72.jpg\",\"link\":\"https:\/\/valmoral.org\/site\/2020\/09\/29\/alberto-diaz-lobo\/personaje_2019_galeriia_72\/\",\"alt\":\"\",\"description\":\"\",\"caption\":\"\",\"mime\":\"image\/jpeg\",\"type\":\"image\",\"width\":1200,\"height\":800,\"sizes\":{\"thumbnail\":{\"height\":150,\"width\":150,\"url\":\"https:\/\/valmoral.org\/site\/wp-content\/uploads\/2020\/10\/personaje_2019_galeriia_72-150x150.jpg\",\"orientation\":\"landscape\"},\"medium\":{\"height\":200,\"width\":300,\"url\":\"https:\/\/valmoral.org\/site\/wp-content\/uploads\/2020\/10\/personaje_2019_galeriia_72-300x200.jpg\",\"orientation\":\"landscape\"},\"large\":{\"height\":683,\"width\":1024,\"url\":\"https:\/\/valmoral.org\/site\/wp-content\/uploads\/2020\/10\/personaje_2019_galeriia_72-1024x683.jpg\",\"orientation\":\"landscape\"},\"full\":{\"url\":\"https:\/\/valmoral.org\/site\/wp-content\/uploads\/2020\/10\/personaje_2019_galeriia_72.jpg\",\"height\":800,\"width\":1200,\"orientation\":\"landscape\"}},\"meta\":false,\"postlink\":\"https:\/\/valmoral.org\/site\/2020\/09\/29\/alberto-diaz-lobo\/personaje_2019_galeriia_72\/\"},{\"id\":579,\"title\":\"personaje_2019_galeriia_68\",\"url\":\"https:\/\/valmoral.org\/site\/wp-content\/uploads\/2020\/10\/personaje_2019_galeriia_68.jpg\",\"link\":\"https:\/\/valmoral.org\/site\/2020\/09\/29\/alberto-diaz-lobo\/personaje_2019_galeriia_68\/\",\"alt\":\"\",\"description\":\"\",\"caption\":\"\",\"mime\":\"image\/jpeg\",\"type\":\"image\",\"width\":1200,\"height\":800,\"sizes\":{\"thumbnail\":{\"height\":150,\"width\":150,\"url\":\"https:\/\/valmoral.org\/site\/wp-content\/uploads\/2020\/10\/personaje_2019_galeriia_68-150x150.jpg\",\"orientation\":\"landscape\"},\"medium\":{\"height\":200,\"width\":300,\"url\":\"https:\/\/valmoral.org\/site\/wp-content\/uploads\/2020\/10\/personaje_2019_galeriia_68-300x200.jpg\",\"orientation\":\"landscape\"},\"large\":{\"height\":683,\"width\":1024,\"url\":\"https:\/\/valmoral.org\/site\/wp-content\/uploads\/2020\/10\/personaje_2019_galeriia_68-1024x683.jpg\",\"orientation\":\"landscape\"},\"full\":{\"url\":\"https:\/\/valmoral.org\/site\/wp-content\/uploads\/2020\/10\/personaje_2019_galeriia_68.jpg\",\"height\":800,\"width\":1200,\"orientation\":\"landscape\"}},\"meta\":false,\"postlink\":\"https:\/\/valmoral.org\/site\/2020\/09\/29\/alberto-diaz-lobo\/personaje_2019_galeriia_68\/\"},{\"id\":578,\"title\":\"personaje_2019_galeriia_59\",\"url\":\"https:\/\/valmoral.org\/site\/wp-content\/uploads\/2020\/10\/personaje_2019_galeriia_59.jpg\",\"link\":\"https:\/\/valmoral.org\/site\/2020\/09\/29\/alberto-diaz-lobo\/personaje_2019_galeriia_59\/\",\"alt\":\"\",\"description\":\"\",\"caption\":\"\",\"mime\":\"image\/jpeg\",\"type\":\"image\",\"width\":1200,\"height\":800,\"sizes\":{\"thumbnail\":{\"height\":150,\"width\":150,\"url\":\"https:\/\/valmoral.org\/site\/wp-content\/uploads\/2020\/10\/personaje_2019_galeriia_59-150x150.jpg\",\"orientation\":\"landscape\"},\"medium\":{\"height\":200,\"width\":300,\"url\":\"https:\/\/valmoral.org\/site\/wp-content\/uploads\/2020\/10\/personaje_2019_galeriia_59-300x200.jpg\",\"orientation\":\"landscape\"},\"large\":{\"height\":683,\"width\":1024,\"url\":\"https:\/\/valmoral.org\/site\/wp-content\/uploads\/2020\/10\/personaje_2019_galeriia_59-1024x683.jpg\",\"orientation\":\"landscape\"},\"full\":{\"url\":\"https:\/\/valmoral.org\/site\/wp-content\/uploads\/2020\/10\/personaje_2019_galeriia_59.jpg\",\"height\":800,\"width\":1200,\"orientation\":\"landscape\"}},\"meta\":false,\"postlink\":\"https:\/\/valmoral.org\/site\/2020\/09\/29\/alberto-diaz-lobo\/personaje_2019_galeriia_59\/\"},{\"id\":577,\"title\":\"personaje_2019_galeriia_56\",\"url\":\"https:\/\/valmoral.org\/site\/wp-content\/uploads\/2020\/10\/personaje_2019_galeriia_56.jpg\",\"link\":\"https:\/\/valmoral.org\/site\/2020\/09\/29\/alberto-diaz-lobo\/personaje_2019_galeriia_56\/\",\"alt\":\"\",\"description\":\"\",\"caption\":\"\",\"mime\":\"image\/jpeg\",\"type\":\"image\",\"width\":1200,\"height\":800,\"sizes\":{\"thumbnail\":{\"height\":150,\"width\":150,\"url\":\"https:\/\/valmoral.org\/site\/wp-content\/uploads\/2020\/10\/personaje_2019_galeriia_56-150x150.jpg\",\"orientation\":\"landscape\"},\"medium\":{\"height\":200,\"width\":300,\"url\":\"https:\/\/valmoral.org\/site\/wp-content\/uploads\/2020\/10\/personaje_2019_galeriia_56-300x200.jpg\",\"orientation\":\"landscape\"},\"large\":{\"height\":683,\"width\":1024,\"url\":\"https:\/\/valmoral.org\/site\/wp-content\/uploads\/2020\/10\/personaje_2019_galeriia_56-1024x683.jpg\",\"orientation\":\"landscape\"},\"full\":{\"url\":\"https:\/\/valmoral.org\/site\/wp-content\/uploads\/2020\/10\/personaje_2019_galeriia_56.jpg\",\"height\":800,\"width\":1200,\"orientation\":\"landscape\"}},\"meta\":false,\"postlink\":\"https:\/\/valmoral.org\/site\/2020\/09\/29\/alberto-diaz-lobo\/personaje_2019_galeriia_56\/\"},{\"id\":576,\"title\":\"personaje_2019_galeriia_55\",\"url\":\"https:\/\/valmoral.org\/site\/wp-content\/uploads\/2020\/10\/personaje_2019_galeriia_55.jpg\",\"link\":\"https:\/\/valmoral.org\/site\/2020\/09\/29\/alberto-diaz-lobo\/personaje_2019_galeriia_55\/\",\"alt\":\"\",\"description\":\"\",\"caption\":\"\",\"mime\":\"image\/jpeg\",\"type\":\"image\",\"width\":1200,\"height\":800,\"sizes\":{\"thumbnail\":{\"height\":150,\"width\":150,\"url\":\"https:\/\/valmoral.org\/site\/wp-content\/uploads\/2020\/10\/personaje_2019_galeriia_55-150x150.jpg\",\"orientation\":\"landscape\"},\"medium\":{\"height\":200,\"width\":300,\"url\":\"https:\/\/valmoral.org\/site\/wp-content\/uploads\/2020\/10\/personaje_2019_galeriia_55-300x200.jpg\",\"orientation\":\"landscape\"},\"large\":{\"height\":683,\"width\":1024,\"url\":\"https:\/\/valmoral.org\/site\/wp-content\/uploads\/2020\/10\/personaje_2019_galeriia_55-1024x683.jpg\",\"orientation\":\"landscape\"},\"full\":{\"url\":\"https:\/\/valmoral.org\/site\/wp-content\/uploads\/2020\/10\/personaje_2019_galeriia_55.jpg\",\"height\":800,\"width\":1200,\"orientation\":\"landscape\"}},\"meta\":false,\"postlink\":\"https:\/\/valmoral.org\/site\/2020\/09\/29\/alberto-diaz-lobo\/personaje_2019_galeriia_55\/\"},{\"id\":575,\"title\":\"personaje_2019_galeriia_54\",\"url\":\"https:\/\/valmoral.org\/site\/wp-content\/uploads\/2020\/10\/personaje_2019_galeriia_54.jpg\",\"link\":\"https:\/\/valmoral.org\/site\/2020\/09\/29\/alberto-diaz-lobo\/personaje_2019_galeriia_54\/\",\"alt\":\"\",\"description\":\"\",\"caption\":\"\",\"mime\":\"image\/jpeg\",\"type\":\"image\",\"width\":1200,\"height\":800,\"sizes\":{\"thumbnail\":{\"height\":150,\"width\":150,\"url\":\"https:\/\/valmoral.org\/site\/wp-content\/uploads\/2020\/10\/personaje_2019_galeriia_54-150x150.jpg\",\"orientation\":\"landscape\"},\"medium\":{\"height\":200,\"width\":300,\"url\":\"https:\/\/valmoral.org\/site\/wp-content\/uploads\/2020\/10\/personaje_2019_galeriia_54-300x200.jpg\",\"orientation\":\"landscape\"},\"large\":{\"height\":683,\"width\":1024,\"url\":\"https:\/\/valmoral.org\/site\/wp-content\/uploads\/2020\/10\/personaje_2019_galeriia_54-1024x683.jpg\",\"orientation\":\"landscape\"},\"full\":{\"url\":\"https:\/\/valmoral.org\/site\/wp-content\/uploads\/2020\/10\/personaje_2019_galeriia_54.jpg\",\"height\":800,\"width\":1200,\"orientation\":\"landscape\"}},\"meta\":false,\"postlink\":\"https:\/\/valmoral.org\/site\/2020\/09\/29\/alberto-diaz-lobo\/personaje_2019_galeriia_54\/\"},{\"id\":574,\"title\":\"personaje_2019_galeriia_44\",\"url\":\"https:\/\/valmoral.org\/site\/wp-content\/uploads\/2020\/10\/personaje_2019_galeriia_44.jpg\",\"link\":\"https:\/\/valmoral.org\/site\/2020\/09\/29\/alberto-diaz-lobo\/personaje_2019_galeriia_44\/\",\"alt\":\"\",\"description\":\"\",\"caption\":\"\",\"mime\":\"image\/jpeg\",\"type\":\"image\",\"width\":1200,\"height\":800,\"sizes\":{\"thumbnail\":{\"height\":150,\"width\":150,\"url\":\"https:\/\/valmoral.org\/site\/wp-content\/uploads\/2020\/10\/personaje_2019_galeriia_44-150x150.jpg\",\"orientation\":\"landscape\"},\"medium\":{\"height\":200,\"width\":300,\"url\":\"https:\/\/valmoral.org\/site\/wp-content\/uploads\/2020\/10\/personaje_2019_galeriia_44-300x200.jpg\",\"orientation\":\"landscape\"},\"large\":{\"height\":683,\"width\":1024,\"url\":\"https:\/\/valmoral.org\/site\/wp-content\/uploads\/2020\/10\/personaje_2019_galeriia_44-1024x683.jpg\",\"orientation\":\"landscape\"},\"full\":{\"url\":\"https:\/\/valmoral.org\/site\/wp-content\/uploads\/2020\/10\/personaje_2019_galeriia_44.jpg\",\"height\":800,\"width\":1200,\"orientation\":\"landscape\"}},\"meta\":false,\"postlink\":\"https:\/\/valmoral.org\/site\/2020\/09\/29\/alberto-diaz-lobo\/personaje_2019_galeriia_44\/\"},{\"id\":573,\"title\":\"personaje_2019_galeriia_39\",\"url\":\"https:\/\/valmoral.org\/site\/wp-content\/uploads\/2020\/10\/personaje_2019_galeriia_39.jpg\",\"link\":\"https:\/\/valmoral.org\/site\/2020\/09\/29\/alberto-diaz-lobo\/personaje_2019_galeriia_39\/\",\"alt\":\"\",\"description\":\"\",\"caption\":\"\",\"mime\":\"image\/jpeg\",\"type\":\"image\",\"width\":1200,\"height\":800,\"sizes\":{\"thumbnail\":{\"height\":150,\"width\":150,\"url\":\"https:\/\/valmoral.org\/site\/wp-content\/uploads\/2020\/10\/personaje_2019_galeriia_39-150x150.jpg\",\"orientation\":\"landscape\"},\"medium\":{\"height\":200,\"width\":300,\"url\":\"https:\/\/valmoral.org\/site\/wp-content\/uploads\/2020\/10\/personaje_2019_galeriia_39-300x200.jpg\",\"orientation\":\"landscape\"},\"large\":{\"height\":683,\"width\":1024,\"url\":\"https:\/\/valmoral.org\/site\/wp-content\/uploads\/2020\/10\/personaje_2019_galeriia_39-1024x683.jpg\",\"orientation\":\"landscape\"},\"full\":{\"url\":\"https:\/\/valmoral.org\/site\/wp-content\/uploads\/2020\/10\/personaje_2019_galeriia_39.jpg\",\"height\":800,\"width\":1200,\"orientation\":\"landscape\"}},\"meta\":false,\"postlink\":\"https:\/\/valmoral.org\/site\/2020\/09\/29\/alberto-diaz-lobo\/personaje_2019_galeriia_39\/\"},{\"id\":572,\"title\":\"personaje_2019_galeriia_34\",\"url\":\"https:\/\/valmoral.org\/site\/wp-content\/uploads\/2020\/10\/personaje_2019_galeriia_34.jpg\",\"link\":\"https:\/\/valmoral.org\/site\/2020\/09\/29\/alberto-diaz-lobo\/personaje_2019_galeriia_34\/\",\"alt\":\"\",\"description\":\"\",\"caption\":\"\",\"mime\":\"image\/jpeg\",\"type\":\"image\",\"width\":1200,\"height\":800,\"sizes\":{\"thumbnail\":{\"height\":150,\"width\":150,\"url\":\"https:\/\/valmoral.org\/site\/wp-content\/uploads\/2020\/10\/personaje_2019_galeriia_34-150x150.jpg\",\"orientation\":\"landscape\"},\"medium\":{\"height\":200,\"width\":300,\"url\":\"https:\/\/valmoral.org\/site\/wp-content\/uploads\/2020\/10\/personaje_2019_galeriia_34-300x200.jpg\",\"orientation\":\"landscape\"},\"large\":{\"height\":683,\"width\":1024,\"url\":\"https:\/\/valmoral.org\/site\/wp-content\/uploads\/2020\/10\/personaje_2019_galeriia_34-1024x683.jpg\",\"orientation\":\"landscape\"},\"full\":{\"url\":\"https:\/\/valmoral.org\/site\/wp-content\/uploads\/2020\/10\/personaje_2019_galeriia_34.jpg\",\"height\":800,\"width\":1200,\"orientation\":\"landscape\"}},\"meta\":false,\"postlink\":\"https:\/\/valmoral.org\/site\/2020\/09\/29\/alberto-diaz-lobo\/personaje_2019_galeriia_34\/\"},{\"id\":571,\"title\":\"personaje_2019_galeriia_33\",\"url\":\"https:\/\/valmoral.org\/site\/wp-content\/uploads\/2020\/10\/personaje_2019_galeriia_33.jpg\",\"link\":\"https:\/\/valmoral.org\/site\/2020\/09\/29\/alberto-diaz-lobo\/personaje_2019_galeriia_33\/\",\"alt\":\"\",\"description\":\"\",\"caption\":\"\",\"mime\":\"image\/jpeg\",\"type\":\"image\",\"width\":1200,\"height\":800,\"sizes\":{\"thumbnail\":{\"height\":150,\"width\":150,\"url\":\"https:\/\/valmoral.org\/site\/wp-content\/uploads\/2020\/10\/personaje_2019_galeriia_33-150x150.jpg\",\"orientation\":\"landscape\"},\"medium\":{\"height\":200,\"width\":300,\"url\":\"https:\/\/valmoral.org\/site\/wp-content\/uploads\/2020\/10\/personaje_2019_galeriia_33-300x200.jpg\",\"orientation\":\"landscape\"},\"large\":{\"height\":683,\"width\":1024,\"url\":\"https:\/\/valmoral.org\/site\/wp-content\/uploads\/2020\/10\/personaje_2019_galeriia_33-1024x683.jpg\",\"orientation\":\"landscape\"},\"full\":{\"url\":\"https:\/\/valmoral.org\/site\/wp-content\/uploads\/2020\/10\/personaje_2019_galeriia_33.jpg\",\"height\":800,\"width\":1200,\"orientation\":\"landscape\"}},\"meta\":false,\"postlink\":\"https:\/\/valmoral.org\/site\/2020\/09\/29\/alberto-diaz-lobo\/personaje_2019_galeriia_33\/\"},{\"id\":570,\"title\":\"personaje_2019_galeriia_20\",\"url\":\"https:\/\/valmoral.org\/site\/wp-content\/uploads\/2020\/10\/personaje_2019_galeriia_20.jpg\",\"link\":\"https:\/\/valmoral.org\/site\/2020\/09\/29\/alberto-diaz-lobo\/personaje_2019_galeriia_20\/\",\"alt\":\"\",\"description\":\"\",\"caption\":\"\",\"mime\":\"image\/jpeg\",\"type\":\"image\",\"width\":1200,\"height\":800,\"sizes\":{\"thumbnail\":{\"height\":150,\"width\":150,\"url\":\"https:\/\/valmoral.org\/site\/wp-content\/uploads\/2020\/10\/personaje_2019_galeriia_20-150x150.jpg\",\"orientation\":\"landscape\"},\"medium\":{\"height\":200,\"width\":300,\"url\":\"https:\/\/valmoral.org\/site\/wp-content\/uploads\/2020\/10\/personaje_2019_galeriia_20-300x200.jpg\",\"orientation\":\"landscape\"},\"large\":{\"height\":683,\"width\":1024,\"url\":\"https:\/\/valmoral.org\/site\/wp-content\/uploads\/2020\/10\/personaje_2019_galeriia_20-1024x683.jpg\",\"orientation\":\"landscape\"},\"full\":{\"url\":\"https:\/\/valmoral.org\/site\/wp-content\/uploads\/2020\/10\/personaje_2019_galeriia_20.jpg\",\"height\":800,\"width\":1200,\"orientation\":\"landscape\"}},\"meta\":false,\"postlink\":\"https:\/\/valmoral.org\/site\/2020\/09\/29\/alberto-diaz-lobo\/personaje_2019_galeriia_20\/\"},{\"id\":569,\"title\":\"personaje_2019_galeriia_17\",\"url\":\"https:\/\/valmoral.org\/site\/wp-content\/uploads\/2020\/10\/personaje_2019_galeriia_17.jpg\",\"link\":\"https:\/\/valmoral.org\/site\/2020\/09\/29\/alberto-diaz-lobo\/personaje_2019_galeriia_17\/\",\"alt\":\"\",\"description\":\"\",\"caption\":\"\",\"mime\":\"image\/jpeg\",\"type\":\"image\",\"width\":1200,\"height\":800,\"sizes\":{\"thumbnail\":{\"height\":150,\"width\":150,\"url\":\"https:\/\/valmoral.org\/site\/wp-content\/uploads\/2020\/10\/personaje_2019_galeriia_17-150x150.jpg\",\"orientation\":\"landscape\"},\"medium\":{\"height\":200,\"width\":300,\"url\":\"https:\/\/valmoral.org\/site\/wp-content\/uploads\/2020\/10\/personaje_2019_galeriia_17-300x200.jpg\",\"orientation\":\"landscape\"},\"large\":{\"height\":683,\"width\":1024,\"url\":\"https:\/\/valmoral.org\/site\/wp-content\/uploads\/2020\/10\/personaje_2019_galeriia_17-1024x683.jpg\",\"orientation\":\"landscape\"},\"full\":{\"url\":\"https:\/\/valmoral.org\/site\/wp-content\/uploads\/2020\/10\/personaje_2019_galeriia_17.jpg\",\"height\":800,\"width\":1200,\"orientation\":\"landscape\"}},\"meta\":false,\"postlink\":\"https:\/\/valmoral.org\/site\/2020\/09\/29\/alberto-diaz-lobo\/personaje_2019_galeriia_17\/\"},{\"id\":568,\"title\":\"personaje_2019_galeriia_09\",\"url\":\"https:\/\/valmoral.org\/site\/wp-content\/uploads\/2020\/10\/personaje_2019_galeriia_09.jpg\",\"link\":\"https:\/\/valmoral.org\/site\/2020\/09\/29\/alberto-diaz-lobo\/personaje_2019_galeriia_09\/\",\"alt\":\"\",\"description\":\"\",\"caption\":\"\",\"mime\":\"image\/jpeg\",\"type\":\"image\",\"width\":1200,\"height\":800,\"sizes\":{\"thumbnail\":{\"height\":150,\"width\":150,\"url\":\"https:\/\/valmoral.org\/site\/wp-content\/uploads\/2020\/10\/personaje_2019_galeriia_09-150x150.jpg\",\"orientation\":\"landscape\"},\"medium\":{\"height\":200,\"width\":300,\"url\":\"https:\/\/valmoral.org\/site\/wp-content\/uploads\/2020\/10\/personaje_2019_galeriia_09-300x200.jpg\",\"orientation\":\"landscape\"},\"large\":{\"height\":683,\"width\":1024,\"url\":\"https:\/\/valmoral.org\/site\/wp-content\/uploads\/2020\/10\/personaje_2019_galeriia_09-1024x683.jpg\",\"orientation\":\"landscape\"},\"full\":{\"url\":\"https:\/\/valmoral.org\/site\/wp-content\/uploads\/2020\/10\/personaje_2019_galeriia_09.jpg\",\"height\":800,\"width\":1200,\"orientation\":\"landscape\"}},\"meta\":false,\"postlink\":\"https:\/\/valmoral.org\/site\/2020\/09\/29\/alberto-diaz-lobo\/personaje_2019_galeriia_09\/\"},{\"id\":567,\"title\":\"personaje_2019_galeriia_06\",\"url\":\"https:\/\/valmoral.org\/site\/wp-content\/uploads\/2020\/10\/personaje_2019_galeriia_06.jpg\",\"link\":\"https:\/\/valmoral.org\/site\/2020\/09\/29\/alberto-diaz-lobo\/personaje_2019_galeriia_06\/\",\"alt\":\"\",\"description\":\"\",\"caption\":\"\",\"mime\":\"image\/jpeg\",\"type\":\"image\",\"width\":1200,\"height\":800,\"sizes\":{\"thumbnail\":{\"height\":150,\"width\":150,\"url\":\"https:\/\/valmoral.org\/site\/wp-content\/uploads\/2020\/10\/personaje_2019_galeriia_06-150x150.jpg\",\"orientation\":\"landscape\"},\"medium\":{\"height\":200,\"width\":300,\"url\":\"https:\/\/valmoral.org\/site\/wp-content\/uploads\/2020\/10\/personaje_2019_galeriia_06-300x200.jpg\",\"orientation\":\"landscape\"},\"large\":{\"height\":683,\"width\":1024,\"url\":\"https:\/\/valmoral.org\/site\/wp-content\/uploads\/2020\/10\/personaje_2019_galeriia_06-1024x683.jpg\",\"orientation\":\"landscape\"},\"full\":{\"url\":\"https:\/\/valmoral.org\/site\/wp-content\/uploads\/2020\/10\/personaje_2019_galeriia_06.jpg\",\"height\":800,\"width\":1200,\"orientation\":\"landscape\"}},\"meta\":false,\"postlink\":\"https:\/\/valmoral.org\/site\/2020\/09\/29\/alberto-diaz-lobo\/personaje_2019_galeriia_06\/\"},{\"id\":566,\"title\":\"personaje_2019_galeriia_03\",\"url\":\"https:\/\/valmoral.org\/site\/wp-content\/uploads\/2020\/10\/personaje_2019_galeriia_03.jpg\",\"link\":\"https:\/\/valmoral.org\/site\/2020\/09\/29\/alberto-diaz-lobo\/personaje_2019_galeriia_03\/\",\"alt\":\"\",\"description\":\"\",\"caption\":\"\",\"mime\":\"image\/jpeg\",\"type\":\"image\",\"width\":1200,\"height\":800,\"sizes\":{\"thumbnail\":{\"height\":150,\"width\":150,\"url\":\"https:\/\/valmoral.org\/site\/wp-content\/uploads\/2020\/10\/personaje_2019_galeriia_03-150x150.jpg\",\"orientation\":\"landscape\"},\"medium\":{\"height\":200,\"width\":300,\"url\":\"https:\/\/valmoral.org\/site\/wp-content\/uploads\/2020\/10\/personaje_2019_galeriia_03-300x200.jpg\",\"orientation\":\"landscape\"},\"large\":{\"height\":683,\"width\":1024,\"url\":\"https:\/\/valmoral.org\/site\/wp-content\/uploads\/2020\/10\/personaje_2019_galeriia_03-1024x683.jpg\",\"orientation\":\"landscape\"},\"full\":{\"url\":\"https:\/\/valmoral.org\/site\/wp-content\/uploads\/2020\/10\/personaje_2019_galeriia_03.jpg\",\"height\":800,\"width\":1200,\"orientation\":\"landscape\"}},\"meta\":false,\"postlink\":\"https:\/\/valmoral.org\/site\/2020\/09\/29\/alberto-diaz-lobo\/personaje_2019_galeriia_03\/\"}],\"itemsMetaDataCollection\":[],\"galleryData\":\"{\\u0022copyRProtection\\u0022:false,\\u0022copyRAlert\\u0022:\\u0022Hello, this photo is mine!\\u0022,\\u0022sliderScrollNavi\\u0022:false,\\u0022sliderNextPrevAnimation\\u0022:\\u0022animation\\u0022,\\u0022galleryScrollPositionControll\\u0022:false,\\u0022sliderVideoAutoPlay\\u0022:false,\\u0022sliderVideoLoop\\u0022:false,\\u0022sliderItemCounterEnable\\u0022:true,\\u0022sliderCaptionSrc\\u0022:\\u0022caption\\u0022,\\u0022sliderItemTitleEnable\\u0022:false,\\u0022sliderItemTitleFontSize\\u0022:18,\\u0022sliderItemTitleTextColor\\u0022:\\u0022rgba(255,255,255,1)\\u0022,\\u0022itemCounterColor\\u0022:\\u0022rgba(255,255,255,1)\\u0022,\\u0022sliderThumbBarEnable\\u0022:true,\\u0022sliderThumbBarHoverColor\\u0022:\\u0022rgba(240,240,240,1)\\u0022,\\u0022sliderBgColor\\u0022:\\u0022rgba(0,0,0,0.8)\\u0022,\\u0022sliderPreloaderColor\\u0022:\\u0022rgba(240,240,240,1)\\u0022,\\u0022sliderHeaderFooterBgColor\\u0022:\\u0022rgba(0,0,0,0.4)\\u0022,\\u0022sliderNavigationColor\\u0022:\\u0022rgba(0,0,0,1)\\u0022,\\u0022sliderNavigationIconColor\\u0022:\\u0022rgba(255,255,255,1)\\u0022,\\u0022sliderSlideshow\\u0022:true,\\u0022sliderSlideshowDelay\\u0022:8,\\u0022slideshowIndicatorColor\\u0022:\\u0022rgba(255,255,255,1)\\u0022,\\u0022slideshowIndicatorColorBg\\u0022:\\u0022rgba(255,255,255,0.5)\\u0022,\\u0022sliderThumbSubMenuBackgroundColor\\u0022:\\u0022rgba(255,255,255,0)\\u0022,\\u0022sliderThumbSubMenuBackgroundColorOver\\u0022:\\u0022rgba(255,255,255,1)\\u0022,\\u0022sliderThumbSubMenuIconColor\\u0022:\\u0022rgba(255,255,255,1)\\u0022,\\u0022sliderThumbSubMenuIconHoverColor\\u0022:\\u0022rgba(0,0,0,1)\\u0022,\\u0022sliderSocialShareEnabled\\u0022:true,\\u0022sliderZoomEnable\\u0022:true,\\u0022sliderFullscreenEnabled\\u0022:true,\\u0022modaBgColor\\u0022:\\u0022rgba(0,0,0,0.8)\\u0022,\\u0022modalIconColor\\u0022:\\u0022rgba(255,255,255,1)\\u0022,\\u0022modalIconColorHover\\u0022:\\u0022rgba(255,255,255,0.8)\\u0022,\\u0022shareFacebook\\u0022:true,\\u0022shareTwitter\\u0022:true,\\u0022sharePinterest\\u0022:true,\\u0022sliderItemDownload\\u0022:true,\\u0022shareCopyLink\\u0022:true,\\u0022sharePost\\u0022:\\u0022sharelink\\u0022,\\u0022tagsFilter\\u0022:false,\\u0022tagCloudAll\\u0022:\\u0022All\\u0022,\\u0022tagCloudBgColor\\u0022:\\u0022rgba(153,153,153,1)\\u0022,\\u0022tagCloudBgColorOver\\u0022:\\u0022rgba(253,253,253,1)\\u0022,\\u0022tagCloudTextColor\\u0022:\\u0022rgba(253,253,253,1)\\u0022,\\u0022tagCloudTextColorOver\\u0022:\\u0022rgba(153,153,153,1)\\u0022,\\u0022tagCloudFontSize\\u0022:16,\\u0022deepLinking\\u0022:false,\\u0022useLightbox\\u0022:true,\\u0022thumbClickAction\\u0022:\\u0022useLightbox\\u0022,\\u0022numItemsDisplayed\\u0022:0,\\u0022lazyLoading\\u0022:true,\\u0022contentNoPadding\\u0022:false,\\u0022galleryPreloaderColor\\u0022:\\u0022rgba(230,230,230,1)\\u0022,\\u0022galleryBgColor\\u0022:\\u0022rgba(0,0,0,0)\\u0022,\\u0022galleryBorderRadius\\u0022:0,\\u0022customCSS\\u0022:\\u0022\\u0022,\\u0022collectionThumbRecomendedWidth\\u0022:200,\\u0022thumbSpacing\\u0022:5,\\u0022externalLink\\u0022:false,\\u0022externalLinkDefName\\u0022:\\u0022Read More\\u0022,\\u0022externalLinkTextColor\\u0022:\\u0022rgba(0,0,0,1)\\u0022,\\u0022externalLinkBgColor\\u0022:\\u0022rgba(255,255,255,1)\\u0022,\\u0022externalLinkFontSize\\u0022:18,\\u0022captions\\u0022:false,\\u0022captionSrc\\u0022:\\u0022caption\\u0022,\\u0022captionHAlign\\u0022:\\u0022top\\u0022,\\u0022collectionthumbHoverTitleFontSize\\u0022:18,\\u0022collectionthumbRoundedCorners\\u0022:0,\\u0022collectionthumbHoverTitleTextColor\\u0022:\\u0022rgba(255,255,255,1)\\u0022,\\u0022collectionthumbHoverTitleTextBgColor\\u0022:\\u0022rgba(0,0,0,0.8)\\u0022,\\u0022collectionthumbHoverBgColor\\u0022:\\u0022rgba(0,0,0,0.4)\\u0022,\\u0022collectionThumbSubMenuDownload\\u0022:false,\\u0022collectionThumbSubMenuShare\\u0022:false,\\u0022collectionThumbSubMenuBgColor\\u0022:\\u0022rgba(0,0,0,0.4)\\u0022,\\u0022collectionThumbSubMenuBgColorHover\\u0022:\\u0022rgba(255,255,255,1)\\u0022,\\u0022collectionThumbSubMenuIconColor\\u0022:\\u0022rgba(255,255,255,1)\\u0022,\\u0022collectionThumbSubMenuIconColorHover\\u0022:\\u0022rgba(0,0,0,1)\\u0022,\\u0022collectionthumbColorsFilter\\u0022:\\u0022none\\u0022,\\u0022sliderItemBgColor\\u0022:\\u0022rgba(0,0,0,0)\\u0022,\\u0022sliderItemBorderColor\\u0022:\\u0022rgba(255,255,255,1)\\u0022,\\u0022sliderItemBorderWidth\\u0022:0,\\u0022sliderItemFill\\u0022:\\u0022true\\u0022,\\u0022galleryType\\u0022:\\u0022pgc_sgb_slider\\u0022,\\u0022align\\u0022:\\u0022\\u0022,\\u0022galleryId\\u0022:\\u00229c925c55_1606162026563\\u0022,\\u0022tagsListCustomMode\\u0022:false,\\u0022initGalleryByFirstTag\\u0022:false,\\u0022deepLinkingForTag\\u0022:false,\\u0022galleryTagsList\\u0022:[],\\u0022useClobalSettings\\u0022:false,\\u0022orderBy\\u0022:\\u0022custom\\u0022,\\u0022sliderMaxHeight\\u0022:260,\\u0022sliderAdminWidth\\u0022:840,\\u0022responsiveHeight\\u0022:true,\\u0022collectionColumns\\u0022:3,\\u0022sliderAnimation\\u0022:\\u0022fade\\u0022,\\u0022sliderNextPrevNavigation\\u0022:true,\\u0022sliderNextPrevBgColor\\u0022:\\u0022rgba(255,255,255,1)\\u0022,\\u0022sliderNextPrevBgColorHover\\u0022:\\u0022rgba(0,0,0,1)\\u0022,\\u0022sliderNextPrevIconColor\\u0022:\\u0022rgba(0,0,0,1)\\u0022,\\u0022sliderNextPrevIconColorHover\\u0022:\\u0022rgba(255,255,255,1)\\u0022,\\u0022sliderThumbsNavi\\u0022:false,\\u0022sliderThumbsNaviColor\\u0022:\\u0022rgba(255,255,255,1)\\u0022,\\u0022sliderDotNavi\\u0022:true,\\u0022sliderDotNaviBgColor\\u0022:\\u0022rgba(0,0,0,.4)\\u0022,\\u0022sliderDotNaviBgColorHover\\u0022:\\u0022rgba(255,255,255,1)\\u0022,\\u0022autoPlay\\u0022:true,\\u0022autoPlayDelay\\u0022:4,\\u0022autoPlayMouseStoper\\u0022:true,\\u0022skin\\u0022:\\u0022slider\\u0022}\",\"advgbBlockControls\":[],\"openPopupId\":\"\"}<\/script><script>(function(){if(window.PGC_SGB && window.PGC_SGB.searcher){window.PGC_SGB.searcher.initBlocks()}})()<\/script><\/div>","protected":false},"excerpt":{"rendered":"<p>El respeto implica reconocer primero la dignidad propia y luego la dignidad de las personas.<\/p>\n","protected":false},"author":2,"featured_media":476,"comment_status":"open","ping_status":"closed","sticky":false,"template":"","format":"standard","meta":{"inline_featured_image":false,"advgb_blocks_editor_width":"","advgb_blocks_columns_visual_guide":"","pgc_sgb_lightbox_settings":"","footnotes":""},"categories":[4],"tags":[],"class_list":["post-364","post","type-post","status-publish","format-standard","has-post-thumbnail","hentry","category-personajes-valmoral"],"author_meta":{"display_name":"admin","author_link":"https:\/\/valmoral.org\/site\/author\/admin\/"},"featured_img":"https:\/\/valmoral.org\/site\/wp-content\/uploads\/2020\/09\/img_personajes_07-300x169.jpg","coauthors":[],"tax_additional":{"categories":{"linked":["<a href=\"https:\/\/valmoral.org\/site\/category\/personajes-valmoral\/\" class=\"advgb-post-tax-term\">Personajes Valmoral<\/a>"],"unlinked":["<span class=\"advgb-post-tax-term\">Personajes Valmoral<\/span>"]}},"comment_count":"0","relative_dates":{"created":"Publicado 6 a\u00f1os hace","modified":"Actualizado 3 a\u00f1os hace"},"absolute_dates":{"created":"Publicado el 29 de septiembre de 2020","modified":"Actualizado el 21 de abril de 2023"},"absolute_dates_time":{"created":"Publicado el 29 de septiembre de 2020 03:55","modified":"Actualizado el 21 de abril de 2023 16:18"},"featured_img_caption":"","series_order":"","_links":{"self":[{"href":"https:\/\/valmoral.org\/site\/wp-json\/wp\/v2\/posts\/364","targetHints":{"allow":["GET"]}}],"collection":[{"href":"https:\/\/valmoral.org\/site\/wp-json\/wp\/v2\/posts"}],"about":[{"href":"https:\/\/valmoral.org\/site\/wp-json\/wp\/v2\/types\/post"}],"author":[{"embeddable":true,"href":"https:\/\/valmoral.org\/site\/wp-json\/wp\/v2\/users\/2"}],"replies":[{"embeddable":true,"href":"https:\/\/valmoral.org\/site\/wp-json\/wp\/v2\/comments?post=364"}],"version-history":[{"count":26,"href":"https:\/\/valmoral.org\/site\/wp-json\/wp\/v2\/posts\/364\/revisions"}],"predecessor-version":[{"id":1568,"href":"https:\/\/valmoral.org\/site\/wp-json\/wp\/v2\/posts\/364\/revisions\/1568"}],"wp:featuredmedia":[{"embeddable":true,"href":"https:\/\/valmoral.org\/site\/wp-json\/wp\/v2\/media\/476"}],"wp:attachment":[{"href":"https:\/\/valmoral.org\/site\/wp-json\/wp\/v2\/media?parent=364"}],"wp:term":[{"taxonomy":"category","embeddable":true,"href":"https:\/\/valmoral.org\/site\/wp-json\/wp\/v2\/categories?post=364"},{"taxonomy":"post_tag","embeddable":true,"href":"https:\/\/valmoral.org\/site\/wp-json\/wp\/v2\/tags?post=364"}],"curies":[{"name":"wp","href":"https:\/\/api.w.org\/{rel}","templated":true}]}}